
{"id":17064,"date":"2019-06-13T14:08:20","date_gmt":"2019-06-13T12:08:20","guid":{"rendered":"http:\/\/adamczewski.blog.polityka.pl\/?p=17064"},"modified":"2019-06-13T14:08:20","modified_gmt":"2019-06-13T12:08:20","slug":"truskawki-2","status":"publish","type":"post","link":"https:\/\/blog.polityka.pl\/adamczewski\/2019\/06\/13\/truskawki-2\/","title":{"rendered":"Truskawki"},"content":{"rendered":"<p>Czy zgodzicie si\u0119, \u017ce dawno nie by\u0142y tak smaczne? Widocznie w przeciwie\u0144stwie do wi\u0119kszo\u015bci z nas uwielbiaj\u0105 gor\u0105ce s\u0142o\u0144ce, z kt\u00f3rego czerpi\u0105 ow\u0105 miodow\u0105 s\u0142odycz. Nie s\u0105 te\u017c specjalnie drogie: cho\u0107 ich cena nie spada poni\u017cej 6-7 z\u0142otych za kilogram, zdarzaj\u0105 si\u0119 niekiedy lepsze okazje.<br \/>\nBiadolenie, \u017ce pewnie w tym roku wzrosn\u0105 ceny warzyw spowodowa\u0142y, \u017ce sta\u0142o si\u0119 to ju\u017c, szybciutko i za w\u0142oszczyzn\u0119 p\u0142acimy oko\u0142o 6 z\u0142otych. A przecie\u017c przez lata przekonywano nas, \u017ce warzywa s\u0105 nie tylko doskona\u0142e dla zdrowia, lecz tak\u017ce tanie. Prosz\u0119 Pa\u0144stwa: zdrowe pozosta\u0142y (no, mo\u017ce z wyj\u0105tkiem tych najdorodniejszych, kt\u00f3re podejrzewam o chemiczne wspomaganie urody), ale ju\u017c ich tanio\u015bci w tym roku pono\u0107 nie b\u0119dziemy mogli potwierdzi\u0107.<br \/>\nCzy przestaniemy je jada\u0107? Z pewno\u015bci\u0105 nie, bo po prostu polubili\u015bmy warzywne posi\u0142ki a zw\u0142aszcza, kiedy rt\u0119\u0107 wspi\u0119\u0142a si\u0119 blisko ko\u0144ca skali termometr\u00f3w, lubimy pomin\u0105\u0107 mi\u0119sny dodatek bia\u0142kowy, po\u017cywi\u0107 si\u0119 kalafiorem, fasolk\u0105 czy sa\u0142at\u0105 z dodatkami.<br \/>\nA w\u0142a\u015bnie: je\u015bli b\u0119dziecie przygotowywa\u0107 zielon\u0105 sa\u0142at\u0119 z rozmaitymi dodatkami a tak\u017ce z jajkiem na twardo czy z pieczonym kurczakiem, szczeg\u00f3lnie polecan\u0105 potraw\u0119 na gor\u0105ce dni, pami\u0119tajcie: dodanie soczystych, dorodnych truskawek do kompletu smak\u00f3w pozwoli osi\u0105gn\u0105\u0107 smak bliski doskona\u0142o\u015bci. No i mo\u017ce jeszcze warto specjalnie postara\u0107 si\u0119 o dobry smak sosu. Doskona\u0142y jest przygotowany z oleju z pestek winogron i g\u0119stego syropu owocowego z octu balsamicznego, z dodatkami (s\u00f3l, cukier, czosnek). Cho\u0107 mo\u017ce kto\u015b ma lepszy pomys\u0142, wypr\u00f3bowany na go\u015bciach i rodzinie? Napiszcie.<\/p>\n","protected":false},"excerpt":{"rendered":"<p>Czy zgodzicie si\u0119, \u017ce dawno nie by\u0142y tak smaczne? Widocznie w przeciwie\u0144stwie do wi\u0119kszo\u015bci z nas uwielbiaj\u0105 gor\u0105ce s\u0142o\u0144ce, z kt\u00f3rego czerpi\u0105 ow\u0105 miodow\u0105 s\u0142odycz. Nie s\u0105 te\u017c specjalnie drogie: cho\u0107 ich cena nie spada poni\u017cej 6-7 z\u0142otych za kilogram, zdarzaj\u0105 si\u0119 niekiedy lepsze okazje. Biadolenie, \u017ce pewnie w tym roku wzrosn\u0105 ceny warzyw spowodowa\u0142y, [&hellip;]<\/p>\n","protected":false},"author":37,"featured_media":0,"comment_status":"open","ping_status":"closed","sticky":false,"template":"","format":"standard","meta":{"footnotes":""},"categories":[1],"tags":[],"_links":{"self":[{"href":"https:\/\/blog.polityka.pl\/adamczewski\/wp-json\/wp\/v2\/posts\/17064"}],"collection":[{"href":"https:\/\/blog.polityka.pl\/adamczewski\/wp-json\/wp\/v2\/posts"}],"about":[{"href":"https:\/\/blog.polityka.pl\/adamczewski\/wp-json\/wp\/v2\/types\/post"}],"author":[{"embeddable":true,"href":"https:\/\/blog.polityka.pl\/adamczewski\/wp-json\/wp\/v2\/users\/37"}],"replies":[{"embeddable":true,"href":"https:\/\/blog.polityka.pl\/adamczewski\/wp-json\/wp\/v2\/comments?post=17064"}],"version-history":[{"count":1,"href":"https:\/\/blog.polityka.pl\/adamczewski\/wp-json\/wp\/v2\/posts\/17064\/revisions"}],"predecessor-version":[{"id":17065,"href":"https:\/\/blog.polityka.pl\/adamczewski\/wp-json\/wp\/v2\/posts\/17064\/revisions\/17065"}],"wp:attachment":[{"href":"https:\/\/blog.polityka.pl\/adamczewski\/wp-json\/wp\/v2\/media?parent=17064"}],"wp:term":[{"taxonomy":"category","embeddable":true,"href":"https:\/\/blog.polityka.pl\/adamczewski\/wp-json\/wp\/v2\/categories?post=17064"},{"taxonomy":"post_tag","embeddable":true,"href":"https:\/\/blog.polityka.pl\/adamczewski\/wp-json\/wp\/v2\/tags?post=17064"}],"curies":[{"name":"wp","href":"https:\/\/api.w.org\/{rel}","templated":true}]}}