
{"id":17069,"date":"2019-06-18T12:41:46","date_gmt":"2019-06-18T10:41:46","guid":{"rendered":"http:\/\/adamczewski.blog.polityka.pl\/?p=17069"},"modified":"2019-06-18T12:41:46","modified_gmt":"2019-06-18T10:41:46","slug":"o-sztuce-wyrzucania-i-nie-tylko","status":"publish","type":"post","link":"https:\/\/blog.polityka.pl\/adamczewski\/2019\/06\/18\/o-sztuce-wyrzucania-i-nie-tylko\/","title":{"rendered":"O sztuce wyrzucania i nie tylko"},"content":{"rendered":"<p>Podw\u00f3rko w moim domu, nosi eleganck\u0105 nazw\u0119 \u201e patio\u201d. Aksamitne trawniki, zadbane krzaczki, po prostu mi\u0142y widok z okna. Cisza i spok\u00f3j. Ziele\u0144.<br \/>\nW ubieg\u0142ym tygodniu na jednym z trawnik\u00f3w urz\u0105dzono piknik \u201ePoznajmy si\u0119\u201d i rozpocz\u0119\u0142a sie produkcja kolorowej waty cukrowej, malowanie dzieci\u0119cych buziak\u00f3w, zabawy i rozrywki. Dzieciak\u00f3w stawi\u0142o si\u0119 oko\u0142o 30 osobnik\u00f3w. A starszych ponad setka. Przyniesiono fury frykas\u00f3w w\u0142asnego wyrobu, g\u00f3ry owoc\u00f3w, lod\u00f3w, zimnych napoj\u00f3w. Na \u0142awkach sadowi\u0142y si\u0119 osoby, kt\u00f3re w\u0142a\u015bnie si\u0119 pozna\u0142y. Prawd\u0119 m\u00f3wi\u0105c piknik spe\u0142ni\u0142 swe zadanie: w ci\u0105gu tych dw\u00f3ch godzin nawi\u0105za\u0142y si\u0119 liczne znajomo\u015bci.<br \/>\nTu\u017c obok sto\u0142\u00f3w ze smako\u0142ykami stan\u0105\u0142 stolik, przy kt\u00f3rym mia\u0142a si\u0119 odby\u0107 (i odby\u0142a) najwa\u017cniejsza cz\u0119\u015b\u0107 pikniku: wyk\u0142ad, jak wyrzuca\u0107 \u015bmieci w nowym systemie. Okaza\u0142o si\u0119, \u017ce to wcale nie jest sztuka \u0142atwa, \u017ce w\u0105tpliwo\u015bci jest bardzo wiele. Ale wszystkie zosta\u0142y rozwiane, zgodzili\u015bmy si\u0119, \u017ce odt\u0105d na pewno nie b\u0119dziemy si\u0119 myli\u0107. Pad\u0142y tak\u017ce bardzo wa\u017cne dla mnie informacje.<br \/>\nOd pewnego czasu z podejrzliwo\u015bci\u0105 patrzy\u0142am na zamontowany pod zlewem m\u0142ynek. My\u015bla\u0142am, jak rozdrobnione obierki i skrawki warzyw, zmielone przeze mnie, w\u0119druj\u0105 do natury, tworz\u0105c po\u017cywk\u0119 dla wrednych bakterii. Okaza\u0142o si\u0119 jednak, \u017ce m\u0142ynek to bardzo sprzyjaj\u0105ce ekologii urz\u0105dzenie, bowiem wsp\u00f3\u0142dzia\u0142a z oczyszczalniami, do kt\u00f3rych musz\u0105 trafia\u0107 opr\u00f3cz przewa\u017caj\u0105cych ilo\u015bci nieczysto\u015bci chemicznych, r\u00f3wnie\u017c organiczne. Co oznacza, \u017ce moje zmielone odpady organiczne s\u0105 pomoc\u0105 w oczyszczalni.<br \/>\nWyp\u0142yn\u0119\u0142a jeszcze jedna sprawa: mycie przed wyrzuceniem plastikowych pojemniczk\u00f3w, za czym nie przepadam. Dowiedzieli\u015bmy si\u0119, \u017ce nie musz\u0105 by\u0107 umyte do zupe\u0142nej czysto\u015bci, jedynie nadmierne resztki powinny by\u0107 usuni\u0119te. Czy\u015bciutkie, starannie wymyte pojemniczki to przecie\u017c wi\u0119ksze zu\u017cycie wody.<br \/>\nI wreszcie ostatni rozwi\u0105zany na pikniku problem. Pewnie w nowo urz\u0105dzanych mieszkaniach przewiduje si\u0119 miejsce na 5 pojemnik\u00f3w na r\u00f3\u017cne typy odpadk\u00f3w. W starszych zazwyczaj poprzestawano na miejscu na jedno wiadro. Pomys\u0142\u00f3w jak sobie poradzi\u0107 w nowej sytuacji by\u0142o wiele. Ja si\u0119 z Wami podziel\u0119 swoim pomys\u0142em: suche odpadki, takie jak papier, puste butelki, plastikowe woreczki, chowam w niedu\u017cych osobnych pojemnikach na balkonie, schowane w wiklinowym siedzisku. Ma ono podnoszony wierzch i dot\u0105d by\u0142y tam stare plastikowe doniczki. Mo\u017cna si\u0119 ich pozby\u0107 wrzucaj\u0105c do \u017c\u00f3\u0142tego pojemnika a na ich miejsce wstawi\u0107 pojemniki na suche, nie wydzielaj\u0105ce zapachu odpady.<br \/>\nI na zako\u0144czenie zaskakuj\u0105ca obserwacja: spokojne zawsze patio od czasu pikniku jest codziennie miejscem spotka\u0144 ma\u0142ych mieszka\u0144c\u00f3w, kt\u00f3rzy nawi\u0105zali szczeg\u00f3lnie atrakcyjne znajomo\u015bci. Codziennie do 20 (tylko, na szcz\u0119\u015bcie!) rozlegaj\u0105 si\u0119 weso\u0142e krzyki. I moje uczucia wobec skutk\u00f3w pikniku wobec tego s\u0105 nieco zm\u0105cone. Ale co tam. W ko\u0144cu pod moim balkonem bawi\u0105 si\u0119 moi mali s\u0105siedzi.<\/p>\n","protected":false},"excerpt":{"rendered":"<p>Podw\u00f3rko w moim domu, nosi eleganck\u0105 nazw\u0119 \u201e patio\u201d. Aksamitne trawniki, zadbane krzaczki, po prostu mi\u0142y widok z okna. Cisza i spok\u00f3j. Ziele\u0144. W ubieg\u0142ym tygodniu na jednym z trawnik\u00f3w urz\u0105dzono piknik \u201ePoznajmy si\u0119\u201d i rozpocz\u0119\u0142a sie produkcja kolorowej waty cukrowej, malowanie dzieci\u0119cych buziak\u00f3w, zabawy i rozrywki. Dzieciak\u00f3w stawi\u0142o si\u0119 oko\u0142o 30 osobnik\u00f3w. A starszych [&hellip;]<\/p>\n","protected":false},"author":37,"featured_media":0,"comment_status":"open","ping_status":"closed","sticky":false,"template":"","format":"standard","meta":{"footnotes":""},"categories":[1],"tags":[],"_links":{"self":[{"href":"https:\/\/blog.polityka.pl\/adamczewski\/wp-json\/wp\/v2\/posts\/17069"}],"collection":[{"href":"https:\/\/blog.polityka.pl\/adamczewski\/wp-json\/wp\/v2\/posts"}],"about":[{"href":"https:\/\/blog.polityka.pl\/adamczewski\/wp-json\/wp\/v2\/types\/post"}],"author":[{"embeddable":true,"href":"https:\/\/blog.polityka.pl\/adamczewski\/wp-json\/wp\/v2\/users\/37"}],"replies":[{"embeddable":true,"href":"https:\/\/blog.polityka.pl\/adamczewski\/wp-json\/wp\/v2\/comments?post=17069"}],"version-history":[{"count":1,"href":"https:\/\/blog.polityka.pl\/adamczewski\/wp-json\/wp\/v2\/posts\/17069\/revisions"}],"predecessor-version":[{"id":17070,"href":"https:\/\/blog.polityka.pl\/adamczewski\/wp-json\/wp\/v2\/posts\/17069\/revisions\/17070"}],"wp:attachment":[{"href":"https:\/\/blog.polityka.pl\/adamczewski\/wp-json\/wp\/v2\/media?parent=17069"}],"wp:term":[{"taxonomy":"category","embeddable":true,"href":"https:\/\/blog.polityka.pl\/adamczewski\/wp-json\/wp\/v2\/categories?post=17069"},{"taxonomy":"post_tag","embeddable":true,"href":"https:\/\/blog.polityka.pl\/adamczewski\/wp-json\/wp\/v2\/tags?post=17069"}],"curies":[{"name":"wp","href":"https:\/\/api.w.org\/{rel}","templated":true}]}}