
{"id":17100,"date":"2019-11-05T12:52:56","date_gmt":"2019-11-05T11:52:56","guid":{"rendered":"http:\/\/adamczewski.blog.polityka.pl\/?p=17100"},"modified":"2019-11-05T12:52:56","modified_gmt":"2019-11-05T11:52:56","slug":"co-mozna-robic-na-cmentarzu","status":"publish","type":"post","link":"https:\/\/blog.polityka.pl\/adamczewski\/2019\/11\/05\/co-mozna-robic-na-cmentarzu\/","title":{"rendered":"Co mo\u017cna robi\u0107 na cmentarzu"},"content":{"rendered":"<p>\nPrzede wszystkim &#8211; zarabia\u0107. I to jest w porz\u0105dku. Sprzeda\u017c kwiat\u00f3w, zniczy i innych utensyli\u00f3w to robota ci\u0119\u017cka, epizodyczna i nie zawsze przy dobrej pogodzie. Nie wiem jedynie, czy kolorowe baloniki to jest towar najbardziej dopasowany do specyfiki. A mo\u017ce to \u015blad starego obyczaju, rodzinnych raczej weso\u0142ych spotka\u0144 na cmentarzu i niezb\u0119dna odrobina jarmarcznej estetyki.<br \/>\nJu\u017c od kilku lat obserwujemy tak\u017ce, przy niekt\u00f3rych cmentarzach, jak na przyk\u0142ad w otoczeniu najwi\u0119kszej, jak to si\u0119 m\u00f3wi \u201ewarszawskiej nekropolii\u201d niezwyk\u0142e o\u017cywienie w listopadowe dni polegaj\u0105ce na bogatej handlowej ofercie produkt\u00f3w spo\u017cywczych, a jak\u017ce, regionalnych, bio, najciekawszych i w og\u00f3le naj. Kie\u0142basy, sery, pieczywo, s\u0142odycze -s\u0142owem wszystko, aby urz\u0105dzi\u0107 uczt\u0119.<br \/>\nNajbardziej zdumiewaj\u0105cy by\u0142 w tym roku widok stoiska z regionalnymi w\u0119dlinami po wielkim szyldem ZAK\u0141AD POGRZEBOWY. O dziwo, nie odstrasza\u0142o to ch\u0119tnych od kupienia smakowitego k\u0105ska. A mo\u017ce to od\u017cy\u0142y tradycje \u201edziad\u00f3w\u201d i inne staros\u0142owia\u0144skie, kiedy \u017cegnaj\u0105c si\u0119 z umar\u0142ymi lub odwiedzaj\u0105c ich w po\u015bwi\u0119cone im dni zjada\u0142o si\u0119 obfity rytualny posi\u0142ek? Oczywi\u015bcie drobn\u0105 cz\u0119\u015b\u0107 pozostawiaj\u0105c dla przodk\u00f3w. Najwyra\u017aniej nie wystarczy nam znicz i chryzantema, w smutnym  cmentarnym miejscu potrzebne s\u0105 jeszcze frykasy. Czy nast\u0119pnym krokiem nie b\u0119dzie wi\u0119c ucztowanie przy grobach.<br \/>\nA mo\u017ce po prostu na naszych oczach powstaje nowa forma \u0142\u0105czenia dw\u00f3ch \u015bwiat\u00f3w: tego, kt\u00f3rego ju\u017c nie ma i tego, kt\u00f3ry cieszy si\u0119 \u017cyciem, kto to przewidzi\u2026<\/p>\n","protected":false},"excerpt":{"rendered":"<p>Przede wszystkim &#8211; zarabia\u0107. I to jest w porz\u0105dku. Sprzeda\u017c kwiat\u00f3w, zniczy i innych utensyli\u00f3w to robota ci\u0119\u017cka, epizodyczna i nie zawsze przy dobrej pogodzie. Nie wiem jedynie, czy kolorowe baloniki to jest towar najbardziej dopasowany do specyfiki. A mo\u017ce to \u015blad starego obyczaju, rodzinnych raczej weso\u0142ych spotka\u0144 na cmentarzu i niezb\u0119dna odrobina jarmarcznej estetyki. [&hellip;]<\/p>\n","protected":false},"author":37,"featured_media":0,"comment_status":"open","ping_status":"closed","sticky":false,"template":"","format":"standard","meta":{"footnotes":""},"categories":[1],"tags":[],"_links":{"self":[{"href":"https:\/\/blog.polityka.pl\/adamczewski\/wp-json\/wp\/v2\/posts\/17100"}],"collection":[{"href":"https:\/\/blog.polityka.pl\/adamczewski\/wp-json\/wp\/v2\/posts"}],"about":[{"href":"https:\/\/blog.polityka.pl\/adamczewski\/wp-json\/wp\/v2\/types\/post"}],"author":[{"embeddable":true,"href":"https:\/\/blog.polityka.pl\/adamczewski\/wp-json\/wp\/v2\/users\/37"}],"replies":[{"embeddable":true,"href":"https:\/\/blog.polityka.pl\/adamczewski\/wp-json\/wp\/v2\/comments?post=17100"}],"version-history":[{"count":1,"href":"https:\/\/blog.polityka.pl\/adamczewski\/wp-json\/wp\/v2\/posts\/17100\/revisions"}],"predecessor-version":[{"id":17101,"href":"https:\/\/blog.polityka.pl\/adamczewski\/wp-json\/wp\/v2\/posts\/17100\/revisions\/17101"}],"wp:attachment":[{"href":"https:\/\/blog.polityka.pl\/adamczewski\/wp-json\/wp\/v2\/media?parent=17100"}],"wp:term":[{"taxonomy":"category","embeddable":true,"href":"https:\/\/blog.polityka.pl\/adamczewski\/wp-json\/wp\/v2\/categories?post=17100"},{"taxonomy":"post_tag","embeddable":true,"href":"https:\/\/blog.polityka.pl\/adamczewski\/wp-json\/wp\/v2\/tags?post=17100"}],"curies":[{"name":"wp","href":"https:\/\/api.w.org\/{rel}","templated":true}]}}