
{"id":1711,"date":"2010-05-07T08:00:40","date_gmt":"2010-05-07T06:00:40","guid":{"rendered":"http:\/\/adamczewski.blog.polityka.pl\/?p=1711"},"modified":"2010-05-06T08:32:15","modified_gmt":"2010-05-06T06:32:15","slug":"pochwala-konkurencji","status":"publish","type":"post","link":"https:\/\/blog.polityka.pl\/adamczewski\/2010\/05\/07\/pochwala-konkurencji\/","title":{"rendered":"Pochwa\u0142a konkurencji"},"content":{"rendered":"<p>\u00a0<\/p>\n<p>To nie jest wcale \u0142atwe. Chwali\u0107 kogo\u015b, kto stanowi bezpo\u015bredni\u0105 konkurencj\u0119 dla nas. I w dodatku robi to w spos\u00f3b ciekawy, atrakcyjny i bardzo sympatyczny. A jednak&#8230;<\/p>\n<p>M\u0142ode ma\u0142\u017ce\u0144stwo\u00a0\u00a0 dziennikarzy odpoczywa gotuj\u0105c. I lubi\u0105 si\u0119 t\u0105 pasj\u0105 dzieli\u0107 z jak najszersz\u0105 publiczno\u015bci\u0105. Wszystkie przepisy przez nich publikowane s\u0105 wcze\u015bniej wielokrotnie przyrz\u0105dzane i testowane na rodzinie oraz przyjacio\u0142ach. Te zdania ( z wyj\u0105tkiem przymiotnika &#8222;m\u0142ode&#8221;) m\u00f3g\u0142bym wpisa\u0107 do noty informacyjnej na nasz w\u0142asny temat.<\/p>\n<p>W dodatku oni nie tylko gotuj\u0105 i o tym pisz\u0105 ale tak\u017ce wszystko filmuj\u0105 i prezentuj\u0105 widzom. Twierdz\u0105 przy tym, \u017ce s\u0105 w tej mierze jedyni. Musz\u0119 wi\u0119c przy okazji ich rozczarowa\u0107. W naszej witrynie <a href=\"http:\/\/www.adamczewscy.pl\">www.adamczewscy.pl<\/a> i w blogu <a href=\"http:\/\/www.adamczewski.blog.polityka.pl\">www.adamczewski.blog.polityka.pl<\/a>\u00a0 od lat prezentujemy 3\u00a0&#8211; 4 minutowe filmiki na ten sam temat.\u00a0 Im nas popularyzator\u00f3w dobrego smaku i dobrych manier przy stole wi\u0119cej\u00a0&#8211; tym lepiej. Wi\u0119c prze\u0142amuj\u0105c wstr\u0119tne uczucie zazdro\u015bci polecam t\u0119 zdoln\u0105 i mi\u0142\u0105 kulinarna par\u0119. Oto co o nich wyczyta\u0142em:<\/p>\n<p>Serwis <strong>Kotlet.tv<\/strong> prowadzony jest przez m\u0142ode ma\u0142\u017ce\u0144stwo Paulin\u0119 i Micha\u0142a St\u0119pni\u00f3w. Obydwoje s\u0105 dziennikarzami. Za\u015b ich pasj\u0105 jest gotowanie. I dzielenie si\u0119 do\u015bwiadczeniami z innymi smakoszami. T\u0119 kulinarn\u0105 pasj\u0119 realizuj\u0105 prowadz\u0105c serwis, w kt\u00f3rym przepisy pokazywane s\u0105 w formie film\u00f3w wideo.<\/p>\n<p>Coraz cz\u0119\u015bciej gotowanie traktowane jest jako zabawa i spos\u00f3b sp\u0119dzenia wolnego czasu: gotujemy\u00a0 dla rodziny, dla przyjaci\u00f3\u0142 i z przyjaci\u00f3\u0142mi, dlaczego nie mieliby\u015bmy gotowa\u0107 z dzie\u0107mi?<\/p>\n<p>G\u0142\u00f3wnym celem nowego dzia\u0142u Kotlet.tv ma by\u0107 zach\u0119cenie rodzic\u00f3w do gotowania ze swoimi pociechami. Bywa\u0142o\u00a0&#8211; a prawd\u0119 m\u00f3wi\u0105c w wi\u0119kszo\u015bci rodzin jest tak nadal\u00a0&#8211; \u017ce przygotowanie obiadu czy kolacji to czas, w kt\u00f3rym\u00a0 maluchy si\u0119 nudz\u0105. Nie mog\u0105 zrozumie\u0107 dlaczego\u00a0 mama czy tata nie maj\u0105 dla nich czasu.<\/p>\n<p>Tymczasem mo\u017cna to zmieni\u0107 w prosty spos\u00f3b. Po prostu pokaza\u0107 dzieciakom, \u017ce jedzenie i jego przygotowanie to zabawa dla ca\u0142ej rodziny, \u017ce to co\u015b mi\u0142ego, fajnego i radosnego? Ten wsp\u00f3lnie sp\u0119dzony czas pomaga w budowie wi\u0119zi a przekazane nawyki i towarzysz\u0105ca rodzinnemu gotowaniu atmosfera mi\u0142o zapisze si\u0119 w pami\u0119ci dzieci. Przy okazji mo\u017cna nauczy\u0107 dzieci, \u017ce przygotowanie czego\u015b samemu daje satysfakcj\u0119 i jest du\u017co lepsze ni\u017c si\u0119ganie po \u0142atwo dost\u0119pne niezdrowe dania. Budujemy tym samym prawid\u0142owe wzorce i zachowania \u017cywieniowe, co jest szczeg\u00f3lnie wa\u017cne w czasach kiedy kr\u00f3luje fast food, a problem z oty\u0142o\u015bci\u0105 w\u015br\u00f3d dzieci narasta w zastraszaj\u0105cym tempie.<\/p>\n<p>Przepisy proponowane dla dzieci przez Kotlet.tv s\u0105 proste i nie wymagaj\u0105 wiele energii i czasu. Ka\u017cdy z nich zosta\u0142 zaprezentowany tak\u017ce w postaci filmu wideo.<\/p>\n<p>Gotowanie z najm\u0142odszymi jest coraz modniejsze, co wida\u0107 na ma\u0142ym ekranie. Wiele stacji telewizyjnych produkuje programy kulinarne, w kt\u00f3rych rol\u0119 gotuj\u0105cych gospodarzy pe\u0142ni\u0105 dzieci. Podkre\u015blany jest przy tym aspekt edukacyjny i ch\u0119\u0107 krzewienia dobrych wzorc\u00f3w \u017cywieniowych. Kotlet.tv stara si\u0119 wkomponowa\u0107 w ten nurt.<\/p>\n<p>Szczerze \u017cyczymy sukces\u00f3w! Smacznych sukces\u00f3w!<\/p>\n","protected":false},"excerpt":{"rendered":"<p>\u00a0 To nie jest wcale \u0142atwe. Chwali\u0107 kogo\u015b, kto stanowi bezpo\u015bredni\u0105 konkurencj\u0119 dla nas. I w dodatku robi to w spos\u00f3b ciekawy, atrakcyjny i bardzo sympatyczny. A jednak&#8230; M\u0142ode ma\u0142\u017ce\u0144stwo\u00a0\u00a0 dziennikarzy odpoczywa gotuj\u0105c. I lubi\u0105 si\u0119 t\u0105 pasj\u0105 dzieli\u0107 z jak najszersz\u0105 publiczno\u015bci\u0105. Wszystkie przepisy przez nich publikowane s\u0105 wcze\u015bniej wielokrotnie przyrz\u0105dzane i testowane na [&hellip;]<\/p>\n","protected":false},"author":2,"featured_media":0,"comment_status":"open","ping_status":"open","sticky":false,"template":"","format":"standard","meta":{"footnotes":""},"categories":[1],"tags":[],"_links":{"self":[{"href":"https:\/\/blog.polityka.pl\/adamczewski\/wp-json\/wp\/v2\/posts\/1711"}],"collection":[{"href":"https:\/\/blog.polityka.pl\/adamczewski\/wp-json\/wp\/v2\/posts"}],"about":[{"href":"https:\/\/blog.polityka.pl\/adamczewski\/wp-json\/wp\/v2\/types\/post"}],"author":[{"embeddable":true,"href":"https:\/\/blog.polityka.pl\/adamczewski\/wp-json\/wp\/v2\/users\/2"}],"replies":[{"embeddable":true,"href":"https:\/\/blog.polityka.pl\/adamczewski\/wp-json\/wp\/v2\/comments?post=1711"}],"version-history":[{"count":0,"href":"https:\/\/blog.polityka.pl\/adamczewski\/wp-json\/wp\/v2\/posts\/1711\/revisions"}],"wp:attachment":[{"href":"https:\/\/blog.polityka.pl\/adamczewski\/wp-json\/wp\/v2\/media?parent=1711"}],"wp:term":[{"taxonomy":"category","embeddable":true,"href":"https:\/\/blog.polityka.pl\/adamczewski\/wp-json\/wp\/v2\/categories?post=1711"},{"taxonomy":"post_tag","embeddable":true,"href":"https:\/\/blog.polityka.pl\/adamczewski\/wp-json\/wp\/v2\/tags?post=1711"}],"curies":[{"name":"wp","href":"https:\/\/api.w.org\/{rel}","templated":true}]}}