
{"id":17120,"date":"2019-12-31T09:19:16","date_gmt":"2019-12-31T08:19:16","guid":{"rendered":"http:\/\/adamczewski.blog.polityka.pl\/?p=17120"},"modified":"2019-12-30T21:34:57","modified_gmt":"2019-12-30T20:34:57","slug":"szczerze","status":"publish","type":"post","link":"https:\/\/blog.polityka.pl\/adamczewski\/2019\/12\/31\/szczerze\/","title":{"rendered":"Szczerze"},"content":{"rendered":"\n<p>Je\u015bli\n\u017cyczenia, to tylko szczere, bo podobno maj\u0105 wi\u0119ksz\u0105 si\u0142\u0119 przebicia u\nodpowiednich w\u0142adz, kieruj\u0105cych naszymi losami. A wi\u0119c do dzie\u0142a: \u017cyczymy wi\u0119kszej\n\u017cyczliwo\u015bci, zrozumienia i uprzejmo\u015bci. \u0141atwe i proste? Ale\u017c sk\u0105d. Znacznie\n\u0142atwiej ich oczekiwa\u0107, ni\u017c samemu stosowa\u0107 w codziennym i niecodziennym \u017cyciu. Ale\nmo\u017ce w roku 2020 spr\u00f3bujmy? My, gospodynie, w ka\u017cdym razie \u017cyczymy wszystkim r\u00f3wnie\u017c\npogody ducha, wiary w to, \u017ce rzeczy id\u0105 w dobrym kierunku i \u017ce si\u0119 po drodze\nnie zagubimy. A tak w og\u00f3le stawiajmy, jak zawsze, na pozytywne zachowania i przyja\u017a\u0144.\nDo siego roku!<\/p>\n","protected":false},"excerpt":{"rendered":"<p>Je\u015bli \u017cyczenia, to tylko szczere, bo podobno maj\u0105 wi\u0119ksz\u0105 si\u0142\u0119 przebicia u odpowiednich w\u0142adz, kieruj\u0105cych naszymi losami. A wi\u0119c do dzie\u0142a: \u017cyczymy wi\u0119kszej \u017cyczliwo\u015bci, zrozumienia i uprzejmo\u015bci. \u0141atwe i proste? Ale\u017c sk\u0105d. Znacznie \u0142atwiej ich oczekiwa\u0107, ni\u017c samemu stosowa\u0107 w codziennym i niecodziennym \u017cyciu. Ale mo\u017ce w roku 2020 spr\u00f3bujmy? My, gospodynie, w ka\u017cdym razie [&hellip;]<\/p>\n","protected":false},"author":39,"featured_media":0,"comment_status":"open","ping_status":"closed","sticky":false,"template":"","format":"standard","meta":{"footnotes":""},"categories":[1],"tags":[],"_links":{"self":[{"href":"https:\/\/blog.polityka.pl\/adamczewski\/wp-json\/wp\/v2\/posts\/17120"}],"collection":[{"href":"https:\/\/blog.polityka.pl\/adamczewski\/wp-json\/wp\/v2\/posts"}],"about":[{"href":"https:\/\/blog.polityka.pl\/adamczewski\/wp-json\/wp\/v2\/types\/post"}],"author":[{"embeddable":true,"href":"https:\/\/blog.polityka.pl\/adamczewski\/wp-json\/wp\/v2\/users\/39"}],"replies":[{"embeddable":true,"href":"https:\/\/blog.polityka.pl\/adamczewski\/wp-json\/wp\/v2\/comments?post=17120"}],"version-history":[{"count":2,"href":"https:\/\/blog.polityka.pl\/adamczewski\/wp-json\/wp\/v2\/posts\/17120\/revisions"}],"predecessor-version":[{"id":17122,"href":"https:\/\/blog.polityka.pl\/adamczewski\/wp-json\/wp\/v2\/posts\/17120\/revisions\/17122"}],"wp:attachment":[{"href":"https:\/\/blog.polityka.pl\/adamczewski\/wp-json\/wp\/v2\/media?parent=17120"}],"wp:term":[{"taxonomy":"category","embeddable":true,"href":"https:\/\/blog.polityka.pl\/adamczewski\/wp-json\/wp\/v2\/categories?post=17120"},{"taxonomy":"post_tag","embeddable":true,"href":"https:\/\/blog.polityka.pl\/adamczewski\/wp-json\/wp\/v2\/tags?post=17120"}],"curies":[{"name":"wp","href":"https:\/\/api.w.org\/{rel}","templated":true}]}}