
{"id":17135,"date":"2020-02-25T17:02:33","date_gmt":"2020-02-25T16:02:33","guid":{"rendered":"http:\/\/adamczewski.blog.polityka.pl\/?p=17135"},"modified":"2020-02-21T17:03:38","modified_gmt":"2020-02-21T16:03:38","slug":"czysciochy","status":"publish","type":"post","link":"https:\/\/blog.polityka.pl\/adamczewski\/2020\/02\/25\/czysciochy\/","title":{"rendered":"Czy\u015bciochy"},"content":{"rendered":"\n<p>O\nkoronawirusie m\u00f3wimy i pewnie my\u015blimy wszyscy. Poniewa\u017c jeste\u015bmy globaln\u0105\nwiosk\u0105 informacyjn\u0105, wiemy na co i jak choruj\u0105 w najdalszym zak\u0105tku \u015bwiata, znamy\nobjawy i skutki straszliwych chor\u00f3b. Dzi\u0119ki&nbsp;\no\u015bwiacie sanitarnej wiemy na pewno, \u017ce jednym z powod\u00f3w ka\u017cdej epidemii\njest brak sanitarnej staranno\u015bci, brudne r\u0119ce. <\/p>\n\n\n\n<p>Jeszcze\nzanim koronawirus pojawi\u0142 si\u0119 w naszej \u015bwiadomo\u015bci, w kilku publicznych\nmiejscach zauwa\u017cy\u0142am urz\u0105dzenia, kt\u00f3re w zamy\u015ble mia\u0142y sprzyja\u0107 powszechnej\nhigienie, aby mo\u017cna wytrze\u0107 na przyk\u0142ad w sklepie dotykany d\u0142oni\u0105 dr\u0105\u017cek w\u00f3zka\nczy koszyka i nie z\u0142apa\u0107 cudzych bakterii. Kiedy zauwa\u017cy\u0142am&nbsp; takie urz\u0105dzenie &nbsp;w pobliskim sklepie, postanowi\u0142am &nbsp;go u\u017cy\u0107. Postawiono podobno &nbsp;ten s\u0142upek z pojemnikiem na chusteczki i p\u0142yn\ndo\u015b\u0107 dawno temu, poniewa\u017c jednak nikt si\u0119 przy nim nie zatrzymywa\u0142, nie rzuca\u0142\nsi\u0119 w oczy i dlatego ja &nbsp;go tak\u017ce\nprzeoczy\u0142am. Okaza\u0142o si\u0119 jednak, \u017ce urz\u0105dzenie jest, ale &nbsp;suche chusteczki nie&nbsp; spe\u0142niaj\u0105 swej roli. Odt\u0105d mijam owo\nurz\u0105dzenie, kt\u00f3re okaza\u0142o si\u0119 jeszcze jednym \u201eodfajkowaniem\u201d s\u0142usznej\ninicjatywy. <\/p>\n\n\n\n<p>W\nog\u00f3le coraz cz\u0119\u015bciej zauwa\u017cam niechlujne sklepy (wychodz\u0119 nie robi\u0105c tam\nzakup\u00f3w), nawet niekt\u00f3re sieci\u00f3wki maj\u0105 u mnie bardzo z\u0142\u0105 opini\u0119. Widocznie\nkontrole nie s\u0105 ani tak cz\u0119ste, ani tak dociekliwe, jak powinny by\u0107.\nKoszmarem&nbsp; sanitarnym s\u0105 wed\u0142ug mnie\nsprzedawane w spo\u017cywczych sklepach dro\u017cd\u017c\u00f3wki i p\u0105czki: zazwyczaj stoj\u0105 w\npud\u0142ach ko\u0142o kasy, \u201eobchuchiwane\u201d przez klient\u00f3w. Smacznego!<\/p>\n","protected":false},"excerpt":{"rendered":"<p>O koronawirusie m\u00f3wimy i pewnie my\u015blimy wszyscy. Poniewa\u017c jeste\u015bmy globaln\u0105 wiosk\u0105 informacyjn\u0105, wiemy na co i jak choruj\u0105 w najdalszym zak\u0105tku \u015bwiata, znamy objawy i skutki straszliwych chor\u00f3b. Dzi\u0119ki&nbsp; o\u015bwiacie sanitarnej wiemy na pewno, \u017ce jednym z powod\u00f3w ka\u017cdej epidemii jest brak sanitarnej staranno\u015bci, brudne r\u0119ce. Jeszcze zanim koronawirus pojawi\u0142 si\u0119 w naszej \u015bwiadomo\u015bci, w [&hellip;]<\/p>\n","protected":false},"author":37,"featured_media":0,"comment_status":"open","ping_status":"closed","sticky":false,"template":"","format":"standard","meta":{"footnotes":""},"categories":[1],"tags":[],"_links":{"self":[{"href":"https:\/\/blog.polityka.pl\/adamczewski\/wp-json\/wp\/v2\/posts\/17135"}],"collection":[{"href":"https:\/\/blog.polityka.pl\/adamczewski\/wp-json\/wp\/v2\/posts"}],"about":[{"href":"https:\/\/blog.polityka.pl\/adamczewski\/wp-json\/wp\/v2\/types\/post"}],"author":[{"embeddable":true,"href":"https:\/\/blog.polityka.pl\/adamczewski\/wp-json\/wp\/v2\/users\/37"}],"replies":[{"embeddable":true,"href":"https:\/\/blog.polityka.pl\/adamczewski\/wp-json\/wp\/v2\/comments?post=17135"}],"version-history":[{"count":1,"href":"https:\/\/blog.polityka.pl\/adamczewski\/wp-json\/wp\/v2\/posts\/17135\/revisions"}],"predecessor-version":[{"id":17136,"href":"https:\/\/blog.polityka.pl\/adamczewski\/wp-json\/wp\/v2\/posts\/17135\/revisions\/17136"}],"wp:attachment":[{"href":"https:\/\/blog.polityka.pl\/adamczewski\/wp-json\/wp\/v2\/media?parent=17135"}],"wp:term":[{"taxonomy":"category","embeddable":true,"href":"https:\/\/blog.polityka.pl\/adamczewski\/wp-json\/wp\/v2\/categories?post=17135"},{"taxonomy":"post_tag","embeddable":true,"href":"https:\/\/blog.polityka.pl\/adamczewski\/wp-json\/wp\/v2\/tags?post=17135"}],"curies":[{"name":"wp","href":"https:\/\/api.w.org\/{rel}","templated":true}]}}