
{"id":17148,"date":"2020-04-06T11:20:09","date_gmt":"2020-04-06T09:20:09","guid":{"rendered":"http:\/\/adamczewski.blog.polityka.pl\/?p=17148"},"modified":"2020-04-04T19:20:56","modified_gmt":"2020-04-04T17:20:56","slug":"chce-byc-o-pol-roku-starsza","status":"publish","type":"post","link":"https:\/\/blog.polityka.pl\/adamczewski\/2020\/04\/06\/chce-byc-o-pol-roku-starsza\/","title":{"rendered":"Chc\u0119 by\u0107 o p\u00f3\u0142 roku starsza"},"content":{"rendered":"\n<p>Niepewno\u015b\u0107 nas chyba najbardziej niepokoi, jest\njak kamyk w bucie, kt\u00f3rego nie spos\u00f3b si\u0119 pozby\u0107. Co jest lepsze: popa\u015b\u0107 w\nprzygn\u0119bienie, czy przej\u015b\u0107 si\u0119 w s\u0142oneczny i ciep\u0142y wiosenny dzie\u0144 po pustej\nulicy? Oby\u0107 si\u0119 bez czego\u015b istotnego, czy zachowuj\u0105c wszystkie dost\u0119pne \u015brodki\nbezpiecze\u0144stwa kupi\u0107 to \u201eco\u015b\u201d w pustym sklepie? <\/p>\n\n\n\n<p>Produkcja \u015brodk\u00f3w \u017cywno\u015bci idzie na ca\u0142ego, bo\nczego jak czego, ale apetytu nie stracili\u015bmy i noszone pe\u0142ne torby s\u0105 tego\ndowodem. Na dobr\u0105 spraw\u0119 og\u00f3lnikowe zakazy i nakazy s\u0105 jedynie drobnym\nfragmentem tego, czego musimy codziennie przestrzega\u0107. Jest wiele pyta\u0144,\ndotycz\u0105cych tego ,czy niekt\u00f3re nasze dzia\u0142ania nie s\u0105 nadmiarowe, bezsensowne i\nstanowi\u0105 tylko pusty gest. Coraz wi\u0119cej os\u00f3b chodzi w maseczkach. Czy to ma\nsens? <\/p>\n\n\n\n<p>Wiele ostro\u017cno\u015bciowych dzia\u0142a\u0144 polega wy\u0142\u0105cznie\nna wymy\u015bleniu ich sobie: czy mam racj\u0119 chodz\u0105c po schodach zamiast je\u017adzi\u0107\nwind\u0105? Czy s\u0142usznie myj\u0119 jab\u0142ka i cytrusy w bardzo ciep\u0142ej wodzie i mydle? Zdarzy\u0142o\nmi si\u0119 nawet umycie kawa\u0142a suszonej krakowskiej kie\u0142basy<\/p>\n","protected":false},"excerpt":{"rendered":"<p>Niepewno\u015b\u0107 nas chyba najbardziej niepokoi, jest jak kamyk w bucie, kt\u00f3rego nie spos\u00f3b si\u0119 pozby\u0107. Co jest lepsze: popa\u015b\u0107 w przygn\u0119bienie, czy przej\u015b\u0107 si\u0119 w s\u0142oneczny i ciep\u0142y wiosenny dzie\u0144 po pustej ulicy? Oby\u0107 si\u0119 bez czego\u015b istotnego, czy zachowuj\u0105c wszystkie dost\u0119pne \u015brodki bezpiecze\u0144stwa kupi\u0107 to \u201eco\u015b\u201d w pustym sklepie? Produkcja \u015brodk\u00f3w \u017cywno\u015bci idzie na [&hellip;]<\/p>\n","protected":false},"author":37,"featured_media":0,"comment_status":"open","ping_status":"closed","sticky":false,"template":"","format":"standard","meta":{"footnotes":""},"categories":[1],"tags":[],"_links":{"self":[{"href":"https:\/\/blog.polityka.pl\/adamczewski\/wp-json\/wp\/v2\/posts\/17148"}],"collection":[{"href":"https:\/\/blog.polityka.pl\/adamczewski\/wp-json\/wp\/v2\/posts"}],"about":[{"href":"https:\/\/blog.polityka.pl\/adamczewski\/wp-json\/wp\/v2\/types\/post"}],"author":[{"embeddable":true,"href":"https:\/\/blog.polityka.pl\/adamczewski\/wp-json\/wp\/v2\/users\/37"}],"replies":[{"embeddable":true,"href":"https:\/\/blog.polityka.pl\/adamczewski\/wp-json\/wp\/v2\/comments?post=17148"}],"version-history":[{"count":1,"href":"https:\/\/blog.polityka.pl\/adamczewski\/wp-json\/wp\/v2\/posts\/17148\/revisions"}],"predecessor-version":[{"id":17149,"href":"https:\/\/blog.polityka.pl\/adamczewski\/wp-json\/wp\/v2\/posts\/17148\/revisions\/17149"}],"wp:attachment":[{"href":"https:\/\/blog.polityka.pl\/adamczewski\/wp-json\/wp\/v2\/media?parent=17148"}],"wp:term":[{"taxonomy":"category","embeddable":true,"href":"https:\/\/blog.polityka.pl\/adamczewski\/wp-json\/wp\/v2\/categories?post=17148"},{"taxonomy":"post_tag","embeddable":true,"href":"https:\/\/blog.polityka.pl\/adamczewski\/wp-json\/wp\/v2\/tags?post=17148"}],"curies":[{"name":"wp","href":"https:\/\/api.w.org\/{rel}","templated":true}]}}