
{"id":1715,"date":"2010-05-13T08:00:17","date_gmt":"2010-05-13T06:00:17","guid":{"rendered":"http:\/\/adamczewski.blog.polityka.pl\/?p=1715"},"modified":"2010-05-09T19:32:43","modified_gmt":"2010-05-09T17:32:43","slug":"obiad-posrod-sosen-i-konwalii","status":"publish","type":"post","link":"https:\/\/blog.polityka.pl\/adamczewski\/2010\/05\/13\/obiad-posrod-sosen-i-konwalii\/","title":{"rendered":"Obiad po\u015br\u00f3d sosen i konwalii"},"content":{"rendered":"<p>\u00a0<\/p>\n<p>By\u0142o deszczowo ale i s\u0142onecznie. W czwartek oraz pi\u0105tek la\u0142o jak z cebra. Ale sobota nam to wynagrodzi\u0142a z nawi\u0105zk\u0105. S\u0142o\u0144ce wyjrza\u0142o zza chmur zaraz po \u015bwicie i w\u0119drowa\u0142o po\u015br\u00f3d ma\u0142ych ob\u0142oczk\u00f3w przez ca\u0142y dzie\u0144. Temperatura przekroczy\u0142a 20 stopni C. Mo\u017cna wi\u0119c by\u0142o je\u015b\u0107 na \u015bwie\u017cym powietrzu.<br \/>\nNa wszelki wypadek zastawi\u0142em st\u00f3\u0142 pod namiotow\u0105 werand\u0105 stoj\u0105c\u0105 po\u015br\u00f3d sosen, tu\u017c za poletkiem konwalii. Wprawdzie kwiatk\u00f3w jeszcze nie ma ale w przysz\u0142ym tygodniu pojawi\u0105 si\u0119 z ca\u0142\u0105 pewno\u015bci\u0105.<br \/>\nObiad by\u0142 w cz\u0119\u015bci wiosenny. Wielki p\u00f3\u0142misek zielono\u015bci czyli sa\u0142aty lodowej i rukoli z jajami na twardo, oliwkami, tu\u0144czykiem, pomidorami, og\u00f3rkami, papryk\u0105 a wszystko obficie polane winegretem ( z du\u017cym dodatkiem miodu).<\/p>\n<p><img loading=\"lazy\" decoding=\"async\" class=\"aligncenter size-medium wp-image-1716\" title=\"w-lecinie-stol-pod-namiotem-p5080025\" src=\"\/wp-content\/uploads\/2010\/05\/w-lecinie-stol-pod-namiotem-p5080025-300x225.jpg\" alt=\"\" width=\"300\" height=\"225\" srcset=\"\/adamczewski\/wp-content\/uploads\/2010\/05\/w-lecinie-stol-pod-namiotem-p5080025-300x225.jpg 300w, \/adamczewski\/wp-content\/uploads\/2010\/05\/w-lecinie-stol-pod-namiotem-p5080025.jpg 640w\" sizes=\"(max-width: 300px) 100vw, 300px\" \/><\/p>\n<p>Na drugim p\u00f3\u0142misku znalaz\u0142 si\u0119 przysmak Georgeanne Brennan, o kt\u00f3rej ksi\u0105\u017cce tu pisa\u0142em. I pochwali\u0142em si\u0119, \u017ce pierwszy jej przepis ju\u017c mam za sob\u0105. A \u017ce kurczak by\u0142 du\u017cy,\u00a0 to zosta\u0142a po\u0142owa i kawa\u0142ek na drugi dzie\u0144. Tym razem podane na zimno. Te\u017c by\u0142o doskona\u0142e. Cho\u0107 mia\u0142em w\u0105tpliwo\u015bci czy grzybowy farsz na zimno b\u0119dzie jadalny. Na szcz\u0119\u015bcie nikt nie narzeka\u0142. Nawet ja sam.<\/p>\n<p><img loading=\"lazy\" decoding=\"async\" class=\"aligncenter size-medium wp-image-1717\" title=\"w-lecinie-pod-namiotem-lunchp5080028\" src=\"\/wp-content\/uploads\/2010\/05\/w-lecinie-pod-namiotem-lunchp5080028-300x225.jpg\" alt=\"\" width=\"300\" height=\"225\" srcset=\"\/adamczewski\/wp-content\/uploads\/2010\/05\/w-lecinie-pod-namiotem-lunchp5080028-300x225.jpg 300w, \/adamczewski\/wp-content\/uploads\/2010\/05\/w-lecinie-pod-namiotem-lunchp5080028.jpg 640w\" sizes=\"(max-width: 300px) 100vw, 300px\" \/><\/p>\n<p>Ciep\u0142o pozwoli\u0142o si\u0119gn\u0105\u0107 do lod\u00f3wki po rose. By\u0142a to hiszpa\u0144ska zarzuela. Bardzo pachn\u0105ca owocami i delikatna.\u00a0 I tylko \u017cal, \u017ce w powietrzu nie czu\u0142o si\u0119 zapachu konwalii. Ale nie mo\u017cna mie\u0107 wszystkiego naraz.<\/p>\n<p>Wiemy, \u017ce b\u0119dzie coraz cieplej. Coraz wi\u0119cej kwiat\u00f3w zacznie kwitn\u0105\u0107. Rozkrzycz\u0105 si\u0119 s\u0142owiki. B\u0119dzie mo\u017cna je\u015b\u0107 pod namiotem nie tylko obiady ale i kolacje. Trzeba wi\u0119c gromadzi\u0107 r\u00f3\u017cne rodzaje rose. Na zdrowie!<\/p>\n<p>\u00a0<img loading=\"lazy\" decoding=\"async\" class=\"aligncenter size-medium wp-image-1718\" title=\"w-lecinie-szparagi-gotowanep5070022\" src=\"\/wp-content\/uploads\/2010\/05\/w-lecinie-szparagi-gotowanep5070022-225x300.jpg\" alt=\"\" width=\"225\" height=\"300\" srcset=\"\/adamczewski\/wp-content\/uploads\/2010\/05\/w-lecinie-szparagi-gotowanep5070022-225x300.jpg 225w, \/adamczewski\/wp-content\/uploads\/2010\/05\/w-lecinie-szparagi-gotowanep5070022.jpg 360w\" sizes=\"(max-width: 225px) 100vw, 225px\" \/><\/p>\n<p><em>Szparagi, kt\u00f3re teraz kr\u00f3luj\u0105, te\u017c s\u0105 na zdrowie<\/em>\u00a0 Fot.P.Ad.<\/p>\n<p>\u00a0<\/p>\n","protected":false},"excerpt":{"rendered":"<p>\u00a0 By\u0142o deszczowo ale i s\u0142onecznie. W czwartek oraz pi\u0105tek la\u0142o jak z cebra. Ale sobota nam to wynagrodzi\u0142a z nawi\u0105zk\u0105. S\u0142o\u0144ce wyjrza\u0142o zza chmur zaraz po \u015bwicie i w\u0119drowa\u0142o po\u015br\u00f3d ma\u0142ych ob\u0142oczk\u00f3w przez ca\u0142y dzie\u0144. Temperatura przekroczy\u0142a 20 stopni C. Mo\u017cna wi\u0119c by\u0142o je\u015b\u0107 na \u015bwie\u017cym powietrzu. Na wszelki wypadek zastawi\u0142em st\u00f3\u0142 pod namiotow\u0105 [&hellip;]<\/p>\n","protected":false},"author":2,"featured_media":0,"comment_status":"open","ping_status":"open","sticky":false,"template":"","format":"standard","meta":{"footnotes":""},"categories":[1],"tags":[],"_links":{"self":[{"href":"https:\/\/blog.polityka.pl\/adamczewski\/wp-json\/wp\/v2\/posts\/1715"}],"collection":[{"href":"https:\/\/blog.polityka.pl\/adamczewski\/wp-json\/wp\/v2\/posts"}],"about":[{"href":"https:\/\/blog.polityka.pl\/adamczewski\/wp-json\/wp\/v2\/types\/post"}],"author":[{"embeddable":true,"href":"https:\/\/blog.polityka.pl\/adamczewski\/wp-json\/wp\/v2\/users\/2"}],"replies":[{"embeddable":true,"href":"https:\/\/blog.polityka.pl\/adamczewski\/wp-json\/wp\/v2\/comments?post=1715"}],"version-history":[{"count":0,"href":"https:\/\/blog.polityka.pl\/adamczewski\/wp-json\/wp\/v2\/posts\/1715\/revisions"}],"wp:attachment":[{"href":"https:\/\/blog.polityka.pl\/adamczewski\/wp-json\/wp\/v2\/media?parent=1715"}],"wp:term":[{"taxonomy":"category","embeddable":true,"href":"https:\/\/blog.polityka.pl\/adamczewski\/wp-json\/wp\/v2\/categories?post=1715"},{"taxonomy":"post_tag","embeddable":true,"href":"https:\/\/blog.polityka.pl\/adamczewski\/wp-json\/wp\/v2\/tags?post=1715"}],"curies":[{"name":"wp","href":"https:\/\/api.w.org\/{rel}","templated":true}]}}