
{"id":17154,"date":"2020-04-11T19:45:02","date_gmt":"2020-04-11T17:45:02","guid":{"rendered":"http:\/\/adamczewski.blog.polityka.pl\/?p=17154"},"modified":"2020-04-11T19:45:02","modified_gmt":"2020-04-11T17:45:02","slug":"fantastyczne-swieta","status":"publish","type":"post","link":"https:\/\/blog.polityka.pl\/adamczewski\/2020\/04\/11\/fantastyczne-swieta\/","title":{"rendered":"Fantastyczne \u015bwi\u0119ta"},"content":{"rendered":"\n<p>Te \u015bwi\u0119ta wydaj\u0105 si\u0119 nam wytworem chorej wyobra\u017ani, nie\nprzypominaj\u0105 \u017cadnych innych. A w\u0142a\u015bnie powtarzalno\u015b\u0107 rytua\u0142\u00f3w, obyczaj\u00f3w i\nsytuacji jest tak cenna, daje nam poczucie bezpiecze\u0144stwa. To nam zostaje,\nprzynajmniej cz\u0119\u015bciowo, odebrane. Chronimy to, co mo\u017cemy ochroni\u0107. Przygotowujemy\ntradycyjne potrawy, nakrywamy wielkanocny st\u00f3\u0142, przy kt\u00f3rym jednak nie b\u0119dzie wszystkich\nbliskich. Tradycyjnie rodzinne \u015bwi\u0119ta staj\u0105 si\u0119 cz\u0119stokro\u0107 samotne. Bezpo\u015bredni\nkontakt wielu z nas zast\u0105pi gapienie si\u0119 w ekranik lub w ekran. Wytrzymamy.\nPrzecie\u017c to nie b\u0119dzie trwa\u0142o wiecznie. Wreszcie musi wr\u00f3ci\u0107 normalno\u015b\u0107. Im\nbardziej si\u0119 podporz\u0105dkujemy, tym kr\u00f3tsze b\u0119dzie odosobnienie. <\/p>\n\n\n\n<p>Nie podzielimy si\u0119 w tym roku jajkiem. Pomy\u015blmy jednak, ile\nrado\u015bci sprawi\u0105 nam d\u0142ugo wyczekiwane spotkania. A tymczasem \u017cyczmy sobie na\n\u015bwi\u0119ta przede wszystkim zdrowia. <\/p>\n\n\n\n<p>Barbara i Agata<\/p>\n","protected":false},"excerpt":{"rendered":"<p>Te \u015bwi\u0119ta wydaj\u0105 si\u0119 nam wytworem chorej wyobra\u017ani, nie przypominaj\u0105 \u017cadnych innych. A w\u0142a\u015bnie powtarzalno\u015b\u0107 rytua\u0142\u00f3w, obyczaj\u00f3w i sytuacji jest tak cenna, daje nam poczucie bezpiecze\u0144stwa. To nam zostaje, przynajmniej cz\u0119\u015bciowo, odebrane. Chronimy to, co mo\u017cemy ochroni\u0107. Przygotowujemy tradycyjne potrawy, nakrywamy wielkanocny st\u00f3\u0142, przy kt\u00f3rym jednak nie b\u0119dzie wszystkich bliskich. Tradycyjnie rodzinne \u015bwi\u0119ta staj\u0105 si\u0119 [&hellip;]<\/p>\n","protected":false},"author":37,"featured_media":17155,"comment_status":"open","ping_status":"closed","sticky":false,"template":"","format":"standard","meta":{"footnotes":""},"categories":[1],"tags":[],"_links":{"self":[{"href":"https:\/\/blog.polityka.pl\/adamczewski\/wp-json\/wp\/v2\/posts\/17154"}],"collection":[{"href":"https:\/\/blog.polityka.pl\/adamczewski\/wp-json\/wp\/v2\/posts"}],"about":[{"href":"https:\/\/blog.polityka.pl\/adamczewski\/wp-json\/wp\/v2\/types\/post"}],"author":[{"embeddable":true,"href":"https:\/\/blog.polityka.pl\/adamczewski\/wp-json\/wp\/v2\/users\/37"}],"replies":[{"embeddable":true,"href":"https:\/\/blog.polityka.pl\/adamczewski\/wp-json\/wp\/v2\/comments?post=17154"}],"version-history":[{"count":2,"href":"https:\/\/blog.polityka.pl\/adamczewski\/wp-json\/wp\/v2\/posts\/17154\/revisions"}],"predecessor-version":[{"id":17160,"href":"https:\/\/blog.polityka.pl\/adamczewski\/wp-json\/wp\/v2\/posts\/17154\/revisions\/17160"}],"wp:featuredmedia":[{"embeddable":true,"href":"https:\/\/blog.polityka.pl\/adamczewski\/wp-json\/wp\/v2\/media\/17155"}],"wp:attachment":[{"href":"https:\/\/blog.polityka.pl\/adamczewski\/wp-json\/wp\/v2\/media?parent=17154"}],"wp:term":[{"taxonomy":"category","embeddable":true,"href":"https:\/\/blog.polityka.pl\/adamczewski\/wp-json\/wp\/v2\/categories?post=17154"},{"taxonomy":"post_tag","embeddable":true,"href":"https:\/\/blog.polityka.pl\/adamczewski\/wp-json\/wp\/v2\/tags?post=17154"}],"curies":[{"name":"wp","href":"https:\/\/api.w.org\/{rel}","templated":true}]}}