
{"id":1721,"date":"2010-05-17T08:00:40","date_gmt":"2010-05-17T06:00:40","guid":{"rendered":"http:\/\/adamczewski.blog.polityka.pl\/?p=1721"},"modified":"2010-05-15T17:28:01","modified_gmt":"2010-05-15T15:28:01","slug":"zyje-mimo-zielonej-i-deszczowej-nocy","status":"publish","type":"post","link":"https:\/\/blog.polityka.pl\/adamczewski\/2010\/05\/17\/zyje-mimo-zielonej-i-deszczowej-nocy\/","title":{"rendered":"\u017byj\u0119 mimo zielonej (i deszczowej) nocy"},"content":{"rendered":"<p><a href=\"\/wp-content\/uploads\/2010\/05\/moja-buczyna-p5140031.jpg\"><img loading=\"lazy\" decoding=\"async\" class=\"aligncenter size-medium wp-image-1722\" title=\"moja-buczyna-p5140031\" src=\"\/wp-content\/uploads\/2010\/05\/moja-buczyna-p5140031-300x225.jpg\" alt=\"\" width=\"300\" height=\"225\" srcset=\"\/adamczewski\/wp-content\/uploads\/2010\/05\/moja-buczyna-p5140031-300x225.jpg 300w, \/adamczewski\/wp-content\/uploads\/2010\/05\/moja-buczyna-p5140031.jpg 640w\" sizes=\"(max-width: 300px) 100vw, 300px\" \/><\/a><\/p>\n<p><em>Moja buczyna na tle brzozy i Puszczy Bia\u0142ej<\/em><\/p>\n<p>Zielona noc tym razem to nie by\u0142a noc wyg\u0142up\u00f3w, kt\u00f3re pami\u0119tam z epoki kolonii letnich, na kt\u00f3re by\u0142em wysy\u0142any w czasach szkolnych. Tym razem to by\u0142a sp\u00f3\u017aniona kolacja na wsi, na kt\u00f3rej pr\u00f3bowali\u015bmy powt\u00f3rzy\u0107 eksperyment doktora \u0141ukasza\u00a0 \u0141uczaja opisany tu w pi\u0105tek.<\/p>\n<p><img loading=\"lazy\" decoding=\"async\" class=\"aligncenter size-medium wp-image-1723\" title=\"buczyna-mlode-listkip5140033\" src=\"\/wp-content\/uploads\/2010\/05\/buczyna-mlode-listkip5140033-300x225.jpg\" alt=\"\" width=\"300\" height=\"225\" srcset=\"\/adamczewski\/wp-content\/uploads\/2010\/05\/buczyna-mlode-listkip5140033-300x225.jpg 300w, \/adamczewski\/wp-content\/uploads\/2010\/05\/buczyna-mlode-listkip5140033.jpg 640w\" sizes=\"(max-width: 300px) 100vw, 300px\" \/><\/p>\n<p><em>M\u0142ode listki buka<\/em><\/p>\n<p>Jak wida\u0107 eksperyment zako\u0144czy\u0142 si\u0119 szcz\u0119\u015bliwie, cho\u0107 bez sukcesu. Po prostu uda\u0142o nam si\u0119 prze\u017cy\u0107 kolacj\u0119 podczas, kt\u00f3rej zjedli\u015bmy sa\u0142atk\u0119 z li\u015b\u0107mi klonu i buczyny. Nie zaszkodzi\u0142o nam to w \u017cadnym stopniu ale te\u017c nie sprawi\u0142o najmniejszej przyjemno\u015bci.<\/p>\n<p><img loading=\"lazy\" decoding=\"async\" class=\"aligncenter size-medium wp-image-1725\" title=\"moje-konwalie-p5140035\" src=\"\/wp-content\/uploads\/2010\/05\/moje-konwalie-p5140035-300x225.jpg\" alt=\"\" width=\"300\" height=\"225\" srcset=\"\/adamczewski\/wp-content\/uploads\/2010\/05\/moje-konwalie-p5140035-300x225.jpg 300w, \/adamczewski\/wp-content\/uploads\/2010\/05\/moje-konwalie-p5140035.jpg 640w\" sizes=\"(max-width: 300px) 100vw, 300px\" \/><\/p>\n<p><em>Konwalie obok letniego sto\u0142u pod namiotem<\/em><\/p>\n<p>Wcze\u015bniej jadali\u015bmy sa\u0142atki i zupy robione z li\u015bci r\u00f3\u017cnych innych ro\u015blin (m\u0142ode pokrzywy, lebioda, rukiew, \u017ce o szczawiu nie wspomn\u0119) ze znaczn\u0105 przyjemno\u015bci\u0105. Przej\u015b\u0107 jednak ? wzorem m\u0142odego doktora biologii ? nie radz\u0119. Ja i moja trz\u00f3dka na pewno tego nie zrobimy. Wolimy ryby, owoce morza, dr\u00f3b i ? co jaki\u015b czas ? krwiste mi\u0119sa. A do tego potrawy z jaj, grzyb\u00f3w, ser\u00f3w. No i chleby r\u00f3\u017cniste, i ciasteczka gdy chleba zabraknie. Nie zapominamy tez o warzywach, owocach i wszelkim innym dobrym jadle.<\/p>\n<p><img loading=\"lazy\" decoding=\"async\" class=\"aligncenter size-medium wp-image-1726\" title=\"moj-dziki-bez-p5140034\" src=\"\/wp-content\/uploads\/2010\/05\/moj-dziki-bez-p5140034-300x225.jpg\" alt=\"\" width=\"300\" height=\"225\" srcset=\"\/adamczewski\/wp-content\/uploads\/2010\/05\/moj-dziki-bez-p5140034-300x225.jpg 300w, \/adamczewski\/wp-content\/uploads\/2010\/05\/moj-dziki-bez-p5140034.jpg 640w\" sizes=\"(max-width: 300px) 100vw, 300px\" \/><\/p>\n<p><em>Bez kwitnie w \u015brodku lasu<\/em><\/p>\n<p>Ale mi\u0142o\u015bnikom listk\u00f3w nie z\u0142orzeczymy i nie przeszkadzamy. Tylko prosimy by i nam nie ubli\u017cano, gdy polecamy nasze ulubione dania.<\/p>\n<p>Dzisiejszy tek\u015bcik ilustruj\u0119 fotografiami li\u015bci, mojego ma\u0142ego bukowego lasu (siedem drzewek posadzonych chyba pi\u0119\u0107 lat temu) oraz kilkoma kwiatkami, bo tak\u0105 przyjemno\u015b\u0107 mi sprawi\u0142y zdj\u0119cia Nisi, Nowego i Alicji, kt\u00f3rzy maj\u0105 naprawd\u0119 czym si\u0119 pochwali\u0107. Natomiast to co u mnie kwitnie, to zupe\u0142nie nie moja zas\u0142uga. Wszystko to ro\u015bnie dziko i bez mojego udzia\u0142u. Staram si\u0119 tylko jak najmniej przeszkadza\u0107. I dzi\u0119ki temu wygl\u0105da to tak:<\/p>\n<p>\u00a0<img loading=\"lazy\" decoding=\"async\" class=\"aligncenter size-medium wp-image-1727\" title=\"moje-cos-niebieskiego-p5140037\" src=\"\/wp-content\/uploads\/2010\/05\/moje-cos-niebieskiego-p5140037-300x225.jpg\" alt=\"\" width=\"300\" height=\"225\" srcset=\"\/adamczewski\/wp-content\/uploads\/2010\/05\/moje-cos-niebieskiego-p5140037-300x225.jpg 300w, \/adamczewski\/wp-content\/uploads\/2010\/05\/moje-cos-niebieskiego-p5140037.jpg 640w\" sizes=\"(max-width: 300px) 100vw, 300px\" \/><\/p>\n<p><em>A pod p\u0142otem pi\u0119knie niebie\u015bcieje nie wiadomo co&#8230;<\/em><\/p>\n<p>\u00a0<\/p>\n","protected":false},"excerpt":{"rendered":"<p>Moja buczyna na tle brzozy i Puszczy Bia\u0142ej Zielona noc tym razem to nie by\u0142a noc wyg\u0142up\u00f3w, kt\u00f3re pami\u0119tam z epoki kolonii letnich, na kt\u00f3re by\u0142em wysy\u0142any w czasach szkolnych. Tym razem to by\u0142a sp\u00f3\u017aniona kolacja na wsi, na kt\u00f3rej pr\u00f3bowali\u015bmy powt\u00f3rzy\u0107 eksperyment doktora \u0141ukasza\u00a0 \u0141uczaja opisany tu w pi\u0105tek. M\u0142ode listki buka Jak wida\u0107 [&hellip;]<\/p>\n","protected":false},"author":2,"featured_media":0,"comment_status":"open","ping_status":"open","sticky":false,"template":"","format":"standard","meta":{"footnotes":""},"categories":[1],"tags":[],"_links":{"self":[{"href":"https:\/\/blog.polityka.pl\/adamczewski\/wp-json\/wp\/v2\/posts\/1721"}],"collection":[{"href":"https:\/\/blog.polityka.pl\/adamczewski\/wp-json\/wp\/v2\/posts"}],"about":[{"href":"https:\/\/blog.polityka.pl\/adamczewski\/wp-json\/wp\/v2\/types\/post"}],"author":[{"embeddable":true,"href":"https:\/\/blog.polityka.pl\/adamczewski\/wp-json\/wp\/v2\/users\/2"}],"replies":[{"embeddable":true,"href":"https:\/\/blog.polityka.pl\/adamczewski\/wp-json\/wp\/v2\/comments?post=1721"}],"version-history":[{"count":0,"href":"https:\/\/blog.polityka.pl\/adamczewski\/wp-json\/wp\/v2\/posts\/1721\/revisions"}],"wp:attachment":[{"href":"https:\/\/blog.polityka.pl\/adamczewski\/wp-json\/wp\/v2\/media?parent=1721"}],"wp:term":[{"taxonomy":"category","embeddable":true,"href":"https:\/\/blog.polityka.pl\/adamczewski\/wp-json\/wp\/v2\/categories?post=1721"},{"taxonomy":"post_tag","embeddable":true,"href":"https:\/\/blog.polityka.pl\/adamczewski\/wp-json\/wp\/v2\/tags?post=1721"}],"curies":[{"name":"wp","href":"https:\/\/api.w.org\/{rel}","templated":true}]}}