
{"id":17231,"date":"2021-04-04T18:33:34","date_gmt":"2021-04-04T16:33:34","guid":{"rendered":"http:\/\/adamczewski.blog.polityka.pl\/?p=17231"},"modified":"2021-04-04T18:38:50","modified_gmt":"2021-04-04T16:38:50","slug":"kulawe-swieta","status":"publish","type":"post","link":"https:\/\/blog.polityka.pl\/adamczewski\/2021\/04\/04\/kulawe-swieta\/","title":{"rendered":"Kulawe \u015bwi\u0119ta"},"content":{"rendered":"\n<p>Powinni\u015bmy ju\u017c nabra\u0107 pewnego do\u015bwiadczenia, skoro drugi raz zbieramy si\u0119 przy wielkanocnym stole w niewielkim gronie. Nic z tego, nie przyzwyczaili\u015bmy si\u0119. Nie ma jednak co narzeka\u0107. Ch\u0119\u0107 ogl\u0105dania bliskich kompensujemy sobie ewentualnie na mniejszych czy wi\u0119kszych ekranach. Mi\u0142e s\u0142owa wypowiada si\u0119 \u0142atwiej w wirtualn\u0105 przestrze\u0144, natomiast rodzinnie pok\u0142\u00f3ci\u0107 si\u0119 jest znacznie trudniej. I to uznajmy za pewien zysk.<\/p>\n\n\n\n<p>Trudno jednak nie \u017ca\u0142owa\u0107 smaku potraw,\nkt\u00f3rych nie da si\u0119 spr\u00f3bowa\u0107 wirtualnie. Nic to, odrobimy ten brak na przysz\u0142y\nrok. A mo\u017ce kiedy ju\u017c z\u0142owroga fala opadnie, zbierzemy si\u0119 w sobie i zrobimy\nswego rodzaju \u201epoprawiny\u201d? Spotkanie \u015bwi\u0105teczne bliskich i wszystkich tych przyjaznych,\nkt\u00f3rych nie widywali\u015bmy. Coraz cz\u0119\u015bciej mam na to ochot\u0119 .<\/p>\n\n\n\n<p>Na razie mamy pierwszy dzie\u0144 \u015bwi\u0105t,\nkt\u00f3ry da\u0142 nam pi\u0119kn\u0105 pogod\u0119 i cho\u0107 ch\u0142\u00f3d jeszcze si\u0119 czuje, wszyscy czujemy s\u0142oneczny\noptymizm. Aby wi\u0119c do wiosny, aby w zdrowiu ,aby zobaczy\u0107 ju\u017c to \u015bwiate\u0142ko w\ntunelu, kt\u00f3re najbardziej by nas ucieszy\u0142o.<\/p>\n\n\n\n<p>Na naszym stole znalaz\u0142y si\u0119 w tym roku\nkonwencjonalne potrawy, mazurki, serniki itp. C\u00f3\u017c, w czasie Wielkanocy sk\u0142adamy\nhistorii ho\u0142d, stawiaj\u0105c na stole tradycyjne dana. Szkoda, \u017ce o niekt\u00f3rych z\nnich zapominamy. Taki los spotka\u0142 nasz wielkanocny sos \u015bmietanowo-chrzanowy z\nsiekanym jajkiem. Wyra\u017anie przypisany do tych w\u0142a\u015bnie \u015bwi\u0105t, znalaz\u0142 si\u0119 po\nokresie zapomnienia na naszym stole. I cho\u0107 nie powsta\u0142 z kie\u0142k\u00f3w, tofu ani z\ninnych zdrowych produkt\u00f3w, spotka\u0142 si\u0119 z aprobat\u0105 tak\u017ce nowych i m\u0142odych\ncz\u0142onk\u00f3w rodziny, co dowodzi, \u017ce stara kuchnia nie rdzewieje.<\/p>\n\n\n\n<figure class=\"wp-block-image\"><img loading=\"lazy\" decoding=\"async\" width=\"768\" height=\"1024\" src=\"\/wp-content\/uploads\/2021\/04\/168318572_445408720078210_8555221789001369363_n-1-768x1024.jpg\" alt=\"\" class=\"wp-image-17234\" srcset=\"\/adamczewski\/wp-content\/uploads\/2021\/04\/168318572_445408720078210_8555221789001369363_n-1-768x1024.jpg 768w, \/adamczewski\/wp-content\/uploads\/2021\/04\/168318572_445408720078210_8555221789001369363_n-1-225x300.jpg 225w, \/adamczewski\/wp-content\/uploads\/2021\/04\/168318572_445408720078210_8555221789001369363_n-1.jpg 1170w\" sizes=\"(max-width: 768px) 100vw, 768px\" \/><figcaption> No wi\u0119c: WESO\u0141YCH \u015aWI\u0104T!<\/figcaption><\/figure>\n","protected":false},"excerpt":{"rendered":"<p>Powinni\u015bmy ju\u017c nabra\u0107 pewnego do\u015bwiadczenia, skoro drugi raz zbieramy si\u0119 przy wielkanocnym stole w niewielkim gronie. Nic z tego, nie przyzwyczaili\u015bmy si\u0119. Nie ma jednak co narzeka\u0107. Ch\u0119\u0107 ogl\u0105dania bliskich kompensujemy sobie ewentualnie na mniejszych czy wi\u0119kszych ekranach. Mi\u0142e s\u0142owa wypowiada si\u0119 \u0142atwiej w wirtualn\u0105 przestrze\u0144, natomiast rodzinnie pok\u0142\u00f3ci\u0107 si\u0119 jest znacznie trudniej. I to [&hellip;]<\/p>\n","protected":false},"author":37,"featured_media":0,"comment_status":"open","ping_status":"closed","sticky":false,"template":"","format":"standard","meta":{"footnotes":""},"categories":[1],"tags":[],"_links":{"self":[{"href":"https:\/\/blog.polityka.pl\/adamczewski\/wp-json\/wp\/v2\/posts\/17231"}],"collection":[{"href":"https:\/\/blog.polityka.pl\/adamczewski\/wp-json\/wp\/v2\/posts"}],"about":[{"href":"https:\/\/blog.polityka.pl\/adamczewski\/wp-json\/wp\/v2\/types\/post"}],"author":[{"embeddable":true,"href":"https:\/\/blog.polityka.pl\/adamczewski\/wp-json\/wp\/v2\/users\/37"}],"replies":[{"embeddable":true,"href":"https:\/\/blog.polityka.pl\/adamczewski\/wp-json\/wp\/v2\/comments?post=17231"}],"version-history":[{"count":2,"href":"https:\/\/blog.polityka.pl\/adamczewski\/wp-json\/wp\/v2\/posts\/17231\/revisions"}],"predecessor-version":[{"id":17235,"href":"https:\/\/blog.polityka.pl\/adamczewski\/wp-json\/wp\/v2\/posts\/17231\/revisions\/17235"}],"wp:attachment":[{"href":"https:\/\/blog.polityka.pl\/adamczewski\/wp-json\/wp\/v2\/media?parent=17231"}],"wp:term":[{"taxonomy":"category","embeddable":true,"href":"https:\/\/blog.polityka.pl\/adamczewski\/wp-json\/wp\/v2\/categories?post=17231"},{"taxonomy":"post_tag","embeddable":true,"href":"https:\/\/blog.polityka.pl\/adamczewski\/wp-json\/wp\/v2\/tags?post=17231"}],"curies":[{"name":"wp","href":"https:\/\/api.w.org\/{rel}","templated":true}]}}