
{"id":17237,"date":"2021-04-18T14:34:56","date_gmt":"2021-04-18T12:34:56","guid":{"rendered":"http:\/\/adamczewski.blog.polityka.pl\/?p=17237"},"modified":"2021-04-18T14:34:56","modified_gmt":"2021-04-18T12:34:56","slug":"zycie-na-cwierc-gwizdka","status":"publish","type":"post","link":"https:\/\/blog.polityka.pl\/adamczewski\/2021\/04\/18\/zycie-na-cwierc-gwizdka\/","title":{"rendered":"\u017bycie na \u0107wier\u0107 gwizdka"},"content":{"rendered":"\n<p>Nie jestem jednostk\u0105 zanarchizowan\u0105 i\nnie z w\u0142asnej woli posz\u0142am wczoraj do wielkiej galerii handlowej. Nie mia\u0142am\nzamiaru pa\u015b\u0107 oczu mod\u0105, ani nabywa\u0107 czego\u015b szalonego. Nie. Po prostu kupione\nprzez internet ksi\u0105\u017cki oczekiwa\u0142y na moj\u0105 przyjaci\u00f3\u0142k\u0119 w EMPIKU. Przez ca\u0142y\nczas wizyty w&nbsp; pustej galerii czu\u0142am si\u0119,\njakbym by\u0142a na planie fantastycznego filmu. Pora\u017caj\u0105cy brak ludzi w miejscu zazwyczaj\nludnym i t\u0119tni\u0105cym \u017cyciem. Trzymaj\u0105c si\u0119 wyznaczonej ta\u015bmami drogi wjecha\u0142am na\nostatnie pi\u0119tro galerii, gdzie na parkingu pod chmurk\u0105 sta\u0142o kilkana\u015bcie\nsamochod\u00f3w. Wind\u0105 mieszcz\u0105c\u0105 kilkana\u015bcie os\u00f3b, a obecnie przewo\u017c\u0105c\u0105 tylko 2\nosoby zjecha\u0142am na parter. <\/p>\n\n\n\n<p>S\u0105siaduj\u0105cy z ksi\u0119garni\u0105, za\u0142adowany po\nbrzegi, a niekiedy r\u00f3wnie\u017c wyst\u0119puj\u0105cy z brzeg\u00f3w spo\u017cywczy supermarket by\u0142\ntak\u017ce bezludny, zaledwie kilkana\u015bcie os\u00f3b kr\u0119c\u0105cych si\u0119 w\u015br\u00f3d g\u00f3r jedzenia. I\nprzysz\u0142o mi na my\u015bl, \u017ce ca\u0142e to bogactwo musi kto\u015b produkowa\u0107, dostarczy\u0107. Pomy\u015blcie,\n\u017ce przez ca\u0142y rok pandemii nie mieli\u015bmy \u201dprzej\u015bciowych brak\u00f3w\u201d b\u0119d\u0105cych\nspecjalno\u015bci\u0105 gospodarki z czas\u00f3w mojej wczesnej m\u0142odo\u015bci. Poczu\u0142am si\u0119 jak w \u015bwiecie\n\u201eSeksmisji\u201d&nbsp;&nbsp; ,pomy\u015bla\u0142am : \u201egdzie\u015b\nistnieje \u017cycie\u201d produkuj\u0105ce to wszystko, normalne, zabiegane, bez przemo\u017cnej\ntrwogi o \u017cycie i zdrowie, jaka jest udzia\u0142em nas, mieszka\u0144c\u00f3w du\u017cych miast. I\nto by\u0142a krzepi\u0105ca refleksja.<\/p>\n\n\n\n<p>Moja wycieczka do tego gigantycznego\npustego, strasz\u0105cego przestrzeni\u0105 miejsca mia\u0142a jeden doskona\u0142y skutek.\nPoniewa\u017c ostatnimi czasy kompletuj\u0119 ksi\u0119gozbi\u00f3r najm\u0142odszej cz\u0142onkini mojej\nrodziny, prawnuczki Julii, skorzysta\u0142am z okazji i kupi\u0142am jej zauwa\u017cone w\nEmpiku dzie\u0142o cenne, m\u0105dre i jak\u017ce przydatne, mianowicie kolorow\u0105&nbsp; ksi\u0105\u017ceczk\u0119 pod tytu\u0142em \u201eSiku na nocniku\u201d. Nie\nwaha\u0142am si\u0119 ani chwili. Wysz\u0142am z galerii zadowolona, mimo grozy scenografii\nwiedz\u0105c, \u017ce kupi\u0142am przydatn\u0105 ksi\u0105\u017ck\u0119 i potwierdziwszy fakt istnienia \u017cycia\npoza pandemicznym spowolnieniem.<\/p>\n\n\n\n<p>Znakomite zaopatrzenie w sklepach\nspo\u017cywczych sk\u0142ania do zainteresowania si\u0119 nie tylko ogl\u0105daniem, ale i\nkupowaniem tego, na czym spocznie oko. I dobrze. Jeszcze lepiej jednak, \u017ce jak\nwynika z czynionych przeze mnie bada\u0144 terenowych, opr\u00f3cz podziwiania zabawiamy\nsi\u0119 gotowaniem. <\/p>\n\n\n\n<p>W moim przypadku przejawia si\u0119 to zainteresowaniem star\u0105 polsk\u0105 kuchni\u0105: jak kurczak na obiad, to z frymu\u015bnym nadzieniem, jak ryba, to po polsku, gotowana, polana mas\u0142em i posypana siekanym jajkiem na twardo, jak piecze\u0144, to marynowana na fantazyjne sposoby. Ale prawdziw\u0105 uciech\u0105 dla uczestnik\u00f3w moich wyczyn\u00f3w staj\u0105 si\u0119 kluchy, kt\u00f3rych dot\u0105d prawie si\u0119 nie jad\u0142o, zw\u0142aszcza r\u00f3\u017cnego rodzaju ziemniaczane delicje. Poniewa\u017c praktyka czyni mistrza nie prze\u017cywam ju\u017c rozterek, czy kopytka nie rozpadn\u0105 si\u0119 w wodzie albo czy \u015bl\u0105skie b\u0119d\u0105 do\u015b\u0107 gumowe a szare nie stan\u0105 si\u0119 ciapowate. Wszystko jest jak trzeba, jedyne zmartwienie, \u017ce te frajdy \u201eraz na ludowo\u201d zmieni\u0105 biesiadnikom figur\u0119. Ale o to b\u0119dziemy si\u0119 martwi\u0107 dopiero po nied\u0142ugim (?) ko\u0144cu pandemii. Na razie smacznego!<\/p>\n","protected":false},"excerpt":{"rendered":"<p>Nie jestem jednostk\u0105 zanarchizowan\u0105 i nie z w\u0142asnej woli posz\u0142am wczoraj do wielkiej galerii handlowej. Nie mia\u0142am zamiaru pa\u015b\u0107 oczu mod\u0105, ani nabywa\u0107 czego\u015b szalonego. Nie. Po prostu kupione przez internet ksi\u0105\u017cki oczekiwa\u0142y na moj\u0105 przyjaci\u00f3\u0142k\u0119 w EMPIKU. Przez ca\u0142y czas wizyty w&nbsp; pustej galerii czu\u0142am si\u0119, jakbym by\u0142a na planie fantastycznego filmu. Pora\u017caj\u0105cy brak [&hellip;]<\/p>\n","protected":false},"author":37,"featured_media":0,"comment_status":"open","ping_status":"closed","sticky":false,"template":"","format":"standard","meta":{"footnotes":""},"categories":[1],"tags":[],"_links":{"self":[{"href":"https:\/\/blog.polityka.pl\/adamczewski\/wp-json\/wp\/v2\/posts\/17237"}],"collection":[{"href":"https:\/\/blog.polityka.pl\/adamczewski\/wp-json\/wp\/v2\/posts"}],"about":[{"href":"https:\/\/blog.polityka.pl\/adamczewski\/wp-json\/wp\/v2\/types\/post"}],"author":[{"embeddable":true,"href":"https:\/\/blog.polityka.pl\/adamczewski\/wp-json\/wp\/v2\/users\/37"}],"replies":[{"embeddable":true,"href":"https:\/\/blog.polityka.pl\/adamczewski\/wp-json\/wp\/v2\/comments?post=17237"}],"version-history":[{"count":1,"href":"https:\/\/blog.polityka.pl\/adamczewski\/wp-json\/wp\/v2\/posts\/17237\/revisions"}],"predecessor-version":[{"id":17238,"href":"https:\/\/blog.polityka.pl\/adamczewski\/wp-json\/wp\/v2\/posts\/17237\/revisions\/17238"}],"wp:attachment":[{"href":"https:\/\/blog.polityka.pl\/adamczewski\/wp-json\/wp\/v2\/media?parent=17237"}],"wp:term":[{"taxonomy":"category","embeddable":true,"href":"https:\/\/blog.polityka.pl\/adamczewski\/wp-json\/wp\/v2\/categories?post=17237"},{"taxonomy":"post_tag","embeddable":true,"href":"https:\/\/blog.polityka.pl\/adamczewski\/wp-json\/wp\/v2\/tags?post=17237"}],"curies":[{"name":"wp","href":"https:\/\/api.w.org\/{rel}","templated":true}]}}