
{"id":17279,"date":"2021-12-30T18:45:09","date_gmt":"2021-12-30T17:45:09","guid":{"rendered":"http:\/\/adamczewski.blog.polityka.pl\/?p=17279"},"modified":"2021-12-30T18:45:09","modified_gmt":"2021-12-30T17:45:09","slug":"wszystkiego-szczesliwszego","status":"publish","type":"post","link":"https:\/\/blog.polityka.pl\/adamczewski\/2021\/12\/30\/wszystkiego-szczesliwszego\/","title":{"rendered":"Wszystkiego szcz\u0119\u015bliwszego!"},"content":{"rendered":"\n<p>Przekonali\u015bmy si\u0119 ju\u017c w ci\u0105gu ostatnich dw\u00f3ch lat, \u017ce nie mo\u017cna odczuwa\u0107 pe\u0142nego szcz\u0119\u015bcia, kiedy wok\u00f3\u0142 nie dzieje si\u0119 dobrze. Zdali\u015bmy sobie spraw\u0119 z tego, jak dalece jeste\u015bmy cz\u0119\u015bci\u0105 wi\u0119kszej ca\u0142o\u015bci i podst\u0119pna choroba uderza w ka\u017cdego z nas, nawet je\u015bli nie chorujemy i nie odczuwamy wielu ogranicze\u0144, jako dolegliwych bezpo\u015brednio dla nas. Nie mo\u017cemy oczekiwa\u0107, jak bywa\u0142o dawniej, na 100 procent optymistycznie na kolejne miesi\u0105ce, co do kt\u00f3rych uczeni maj\u0105 jak najgorsze przypuszczenia. Skorzystajmy jednak z umiej\u0119tno\u015bci znajdowania dobrego nawet w\u015br\u00f3d szalej\u0105cych wirus\u00f3w. Spotkajmy si\u0119 z najbli\u017cszymi przy stole, porozmawiajmy o wszystkim co dobre, mi\u0142e i daj\u0105ce nadziej\u0119 na przysz\u0142o\u015b\u0107.<\/p>\n\n\n\n<p>Wiadomo,\n\u017ce udzia\u0142 w hucznej i ludnej zabawie to obecnie ryzyko. Kameralne spotkania towarzyskie\nz najbli\u017cszymi mog\u0105 by\u0107 mi\u0142e i dawa\u0107 poczucie, \u017ce zachowujemy si\u0119 m\u0105drze. A czy\npozostanie w domu z ksi\u0105\u017ck\u0105 i dobrym filmem nie jest atrakcyjne? A przygotowanie\nwystrza\u0142owego dania? A pogadanie od serca, na co nie ma zwykle czasu. \u017be wielu z\nnas to nie wystarcza? Ech, nie narzekajmy.<\/p>\n\n\n\n<p>Pomy\u015blmy\nsobie, jak wygl\u0105da powr\u00f3t z hucznego sylwestrowego balu, kiedy nogi s\u0105 obola\u0142e,\na tu nie ma w okolicy \u017cadnej taks\u00f3wki (w\u0142asnym \u015brodkiem lokomocji z wiadomych wzgl\u0119d\u00f3w\nnie pojedziemy). Wiem, marna to pociecha, \u017ce b\u0119dziemy wypocz\u0119ci i wyspani przez\nca\u0142y noworoczny dzie\u0144, kt\u00f3ry zazwyczaj sp\u0119dzali\u015bmy odsypiaj\u0105c huczn\u0105 zabaw\u0119, ale\nmy, optymi\u015bci widzimy drobinki dobrego w ka\u017cdej sytuacji. Mo\u017ce pociech\u0105 b\u0119dzie przygotowany\nna sylwestrowy st\u00f3\u0142 smako\u0142yk, prosty, a jak\u017ce elegancki i zdrowy, \u017ceby ju\u017c nie powiedzie\u0107\no smaku. Co powiecie o takich najprostszych frajdach, jak cienki plasterek parme\u0144skiej\nszynki ze \u015bwie\u017c\u0105 fig\u0105 czy (banalnie) z melonem albo o zwini\u0119tych plasterkach w\u0119dzonego\n\u0142ososia posmarowanych uprzednio serkiem homogenizowanym wymieszanym z chrzanem?\nA mo\u017ce zaoferujemy naszemu szczup\u0142emu gronu sa\u0142atk\u0119 owocow\u0105, kt\u00f3ra nie zagrozi naszej\nwadze?<\/p>\n\n\n\n<p>W tym roku wypijmy szampa\u0144ski toast nie tylko za powodzenie naszej rodziny, ale za mo\u017cliwo\u015b\u0107 spotykania si\u0119 w du\u017cym gronie i aby to, co ju\u017c przeczuwamy, czyli konieczno\u015b\u0107 zorganizowania na nowo spo\u0142ecznego \u017cycia okaza\u0142a si\u0119 zmian\u0105 na lepsze. A wi\u0119c wszystkiego szcz\u0119\u015bliwszego \u017cycz\u0105 (zaszczepione) Barbara i Agata z ca\u0142\u0105 spor\u0105 rodzin\u0105!<\/p>\n","protected":false},"excerpt":{"rendered":"<p>Przekonali\u015bmy si\u0119 ju\u017c w ci\u0105gu ostatnich dw\u00f3ch lat, \u017ce nie mo\u017cna odczuwa\u0107 pe\u0142nego szcz\u0119\u015bcia, kiedy wok\u00f3\u0142 nie dzieje si\u0119 dobrze. Zdali\u015bmy sobie spraw\u0119 z tego, jak dalece jeste\u015bmy cz\u0119\u015bci\u0105 wi\u0119kszej ca\u0142o\u015bci i podst\u0119pna choroba uderza w ka\u017cdego z nas, nawet je\u015bli nie chorujemy i nie odczuwamy wielu ogranicze\u0144, jako dolegliwych bezpo\u015brednio dla nas. Nie mo\u017cemy [&hellip;]<\/p>\n","protected":false},"author":37,"featured_media":0,"comment_status":"open","ping_status":"closed","sticky":false,"template":"","format":"standard","meta":{"footnotes":""},"categories":[1],"tags":[],"_links":{"self":[{"href":"https:\/\/blog.polityka.pl\/adamczewski\/wp-json\/wp\/v2\/posts\/17279"}],"collection":[{"href":"https:\/\/blog.polityka.pl\/adamczewski\/wp-json\/wp\/v2\/posts"}],"about":[{"href":"https:\/\/blog.polityka.pl\/adamczewski\/wp-json\/wp\/v2\/types\/post"}],"author":[{"embeddable":true,"href":"https:\/\/blog.polityka.pl\/adamczewski\/wp-json\/wp\/v2\/users\/37"}],"replies":[{"embeddable":true,"href":"https:\/\/blog.polityka.pl\/adamczewski\/wp-json\/wp\/v2\/comments?post=17279"}],"version-history":[{"count":1,"href":"https:\/\/blog.polityka.pl\/adamczewski\/wp-json\/wp\/v2\/posts\/17279\/revisions"}],"predecessor-version":[{"id":17280,"href":"https:\/\/blog.polityka.pl\/adamczewski\/wp-json\/wp\/v2\/posts\/17279\/revisions\/17280"}],"wp:attachment":[{"href":"https:\/\/blog.polityka.pl\/adamczewski\/wp-json\/wp\/v2\/media?parent=17279"}],"wp:term":[{"taxonomy":"category","embeddable":true,"href":"https:\/\/blog.polityka.pl\/adamczewski\/wp-json\/wp\/v2\/categories?post=17279"},{"taxonomy":"post_tag","embeddable":true,"href":"https:\/\/blog.polityka.pl\/adamczewski\/wp-json\/wp\/v2\/tags?post=17279"}],"curies":[{"name":"wp","href":"https:\/\/api.w.org\/{rel}","templated":true}]}}