
{"id":1728,"date":"2010-05-19T08:00:47","date_gmt":"2010-05-19T06:00:47","guid":{"rendered":"http:\/\/adamczewski.blog.polityka.pl\/?p=1728"},"modified":"2010-05-19T09:02:54","modified_gmt":"2010-05-19T07:02:54","slug":"zgadnij-co-gotujemy-37-b","status":"publish","type":"post","link":"https:\/\/blog.polityka.pl\/adamczewski\/2010\/05\/19\/zgadnij-co-gotujemy-37-b\/","title":{"rendered":"Zgadnij co gotujemy? (37 B)"},"content":{"rendered":"<p>I znowu \u015broda. Czyli czas na zabawy umys\u0142owe. Cho\u0107 to s\u0142owo miewa r\u00f3\u017cne znaczenia. Moja s\u0105siadka na wsi\u00a0&#8211; Pani Gienia\u00a0&#8211; ilekro\u0107 zapraszam j\u0105 do auta, gdy pieszo zmierza do Pu\u0142tuska, pyta grzecznie: panie Piotrze, pan tam jedzie umys\u0142owo? Pytanie oznacza jej pewne podejrzenia, \u017ce jad\u0119 specjalnie czyli umy\u015blnie, by j\u0105 podwie\u017a\u0107. Zapewniam wi\u0119c s\u0105siadk\u0119, \u017ce jad\u0119 do miasta po zakupy a nie umys\u0142owo i w\u00f3wczas wsiada pozwalaj\u0105c si\u0119 zawie\u017a\u0107.<br \/>\nI dzi\u015b wi\u0119c podwioz\u0119 Was nie umys\u0142owo lecz tradycyjnie, jak zazwyczaj w \u015brody. B\u0119d\u0105 trzy pytania. Trzy odpowiedzi prawid\u0142owe nades\u0142ane tu: <a href=\"mailto:internet@polityka.com.pl\">internet@polityka.com.pl<\/a> a nie wypisywane na blogu, dadz\u0105 wygran\u0105 czyli ksi\u0105\u017ck\u0119 (tym razem niespodziank\u0119 przyniesion\u0105 z Targ\u00f3w Warszawskich). Oto pytania:<\/p>\n<p>1.O Rynku w Pu\u0142tusku m\u00f3wi si\u0119, \u017ce jest najd\u0142u\u017cszy w Europie; ile jest metr\u00f3w od Bazyliki do Zamku?<\/p>\n<p>2.Pu\u0142tuska kuchnia s\u0142ynie z kiszki&#8230; ?<\/p>\n<p>3.Jak si\u0119 nazywa\u0142 pisarz, kt\u00f3ry uko\u0144czy\u0142 pu\u0142tuskie gimnazjum i opisa\u0142 to w s\u0142ynnych &#8222;Wspomnieniach&#8230;&#8221; ?<\/p>\n<p>Siedz\u0119 sobie przy stole pod namiotow\u0105 kopu\u0142\u0105, w lesie, nad Narwi\u0105 i czekam na odpowiedzi. O, ju\u017c nadlatuj\u0105!!!<\/p>\n<p>\u00a0<\/p>\n","protected":false},"excerpt":{"rendered":"<p>I znowu \u015broda. Czyli czas na zabawy umys\u0142owe. Cho\u0107 to s\u0142owo miewa r\u00f3\u017cne znaczenia. Moja s\u0105siadka na wsi\u00a0&#8211; Pani Gienia\u00a0&#8211; ilekro\u0107 zapraszam j\u0105 do auta, gdy pieszo zmierza do Pu\u0142tuska, pyta grzecznie: panie Piotrze, pan tam jedzie umys\u0142owo? Pytanie oznacza jej pewne podejrzenia, \u017ce jad\u0119 specjalnie czyli umy\u015blnie, by j\u0105 podwie\u017a\u0107. Zapewniam wi\u0119c s\u0105siadk\u0119, \u017ce [&hellip;]<\/p>\n","protected":false},"author":2,"featured_media":0,"comment_status":"open","ping_status":"open","sticky":false,"template":"","format":"standard","meta":{"footnotes":""},"categories":[1],"tags":[],"_links":{"self":[{"href":"https:\/\/blog.polityka.pl\/adamczewski\/wp-json\/wp\/v2\/posts\/1728"}],"collection":[{"href":"https:\/\/blog.polityka.pl\/adamczewski\/wp-json\/wp\/v2\/posts"}],"about":[{"href":"https:\/\/blog.polityka.pl\/adamczewski\/wp-json\/wp\/v2\/types\/post"}],"author":[{"embeddable":true,"href":"https:\/\/blog.polityka.pl\/adamczewski\/wp-json\/wp\/v2\/users\/2"}],"replies":[{"embeddable":true,"href":"https:\/\/blog.polityka.pl\/adamczewski\/wp-json\/wp\/v2\/comments?post=1728"}],"version-history":[{"count":0,"href":"https:\/\/blog.polityka.pl\/adamczewski\/wp-json\/wp\/v2\/posts\/1728\/revisions"}],"wp:attachment":[{"href":"https:\/\/blog.polityka.pl\/adamczewski\/wp-json\/wp\/v2\/media?parent=1728"}],"wp:term":[{"taxonomy":"category","embeddable":true,"href":"https:\/\/blog.polityka.pl\/adamczewski\/wp-json\/wp\/v2\/categories?post=1728"},{"taxonomy":"post_tag","embeddable":true,"href":"https:\/\/blog.polityka.pl\/adamczewski\/wp-json\/wp\/v2\/tags?post=1728"}],"curies":[{"name":"wp","href":"https:\/\/api.w.org\/{rel}","templated":true}]}}