
{"id":17285,"date":"2022-02-20T15:53:04","date_gmt":"2022-02-20T14:53:04","guid":{"rendered":"http:\/\/adamczewski.blog.polityka.pl\/?p=17285"},"modified":"2022-02-20T15:53:04","modified_gmt":"2022-02-20T14:53:04","slug":"co-sie-jada-w-naszej-wiosce","status":"publish","type":"post","link":"https:\/\/blog.polityka.pl\/adamczewski\/2022\/02\/20\/co-sie-jada-w-naszej-wiosce\/","title":{"rendered":"Co si\u0119 jada w naszej wiosce"},"content":{"rendered":"\n<p>Odpowied\u017a\nna takie pytanie, przy za\u0142o\u017ceniu, \u017ce \u015bwiat jest obecnie&nbsp; naprawd\u0119 globaln\u0105 wiosk\u0105, brzmi: wszystko.\nWystarczy przej\u015b\u0107 si\u0119 jak\u0105kolwiek miejsk\u0105 ulic\u0105, aby napotka\u0107 sklepy i restauracje,\nrestauracyjki, kafejki, bary czy knajpki oferuj\u0105ce produkty i dania z\nnajdalszych stron \u015bwiata. Podoba nam si\u0119 bardzo takie podr\u00f3\u017cowanie bez wysi\u0142ku,\nsmakowanie i pr\u00f3bowanie tego, czego nie musimy szuka\u0107 w odleg\u0142ych zak\u0105tkach\n\u015bwiata. <\/p>\n\n\n\n<p>Na\u015bladowanie\ncudzych przepis\u00f3w i odmiennych smak\u00f3w, to jeden z najstarszych wynalazk\u00f3w\nludzko\u015bci, nie wymy\u015blili\u015bmy niczego nowego. Tyle, \u017ce korzystanie z dorobku\nobcych kuchni wi\u0105\u017ce si\u0119 dzi\u015b jedynie z prostym wyborem: jakich smak\u00f3w nam si\u0119\nchce spr\u00f3bowa\u0107, w kt\u00f3re drzwi wej\u015b\u0107, je\u015bli mamy ochot\u0119 je\u015b\u0107 poza domem. Nie\nmusimy emigrowa\u0107, napada\u0107 s\u0105siad\u00f3w, ani wykrada\u0107 im tajnik\u00f3w doskona\u0142ych da\u0144. A\nwyb\u00f3r \u015bwiatowych smak\u00f3w, ju\u017c nie tylko w du\u017cym mie\u015bcie, jest spory. Cho\u0107\noczywi\u015bcie w tych wi\u0119kszych jest naprawd\u0119 ogromny. Tam gdzie jeszcze niedawno\njada\u0142o si\u0119 bardzo zwyczajnie, mo\u017ce nas spotka\u0107 niespodzianka: smakowita\npropozycja europejskiego czy azjatyckiego jedzenia, oryginalne smaki, sk\u0142adniki\ni ich skomponowanie.<\/p>\n\n\n\n<p>Ostatnio\nwysz\u0142am porozmawia\u0107 z przyjaci\u00f3\u0142mi do restauracji. Ta wyprawa okaza\u0142a si\u0119\njednym z wi\u0119kszych zdziwie\u0144. Trafili\u015bmy bowiem do restauracji tajskiej ThaiStreet,\npowita\u0142a nas jednak d\u0142ugow\u0142osa blondynka Magda Wo\u017aniak, kt\u00f3ra okaza\u0142a si\u0119 pomys\u0142odawczyni\u0105\ni wykonawczyni\u0105 pysznych da\u0144, zakochan\u0105 w tajskiej kuchni i, co wa\u017cniejsze,\nznaj\u0105c\u0105 si\u0119 na niej po d\u0142ugim pobycie w ojczy\u017anie podawanych da\u0144. Przy\nKobielskiej 75, w\u015br\u00f3d ma\u0142o oryginalnej zabudowy Grochowa spr\u00f3bowa\u0142am wspania\u0142ej\nkuchni: boskich piero\u017ck\u00f3w, o\u015bmiornicy oraz niezwyk\u0142ej dorady. Smakosze mog\u0105\nsobie na moj\u0105 odpowiedzialno\u015b\u0107 wpisa\u0107 ten adres do planu wizyt.<\/p>\n\n\n\n<p>\u015awiat\nwok\u00f3\u0142 nas zmienia si\u0119 w nie notowanym wcze\u015bniej tempie. Informacje o \u015bwiecie\ndocieraj\u0105 do nas w kilka sekund. Smaki potrzebuj\u0105 na to tyle czasu, ile trwa\nlot samolotem. Otworzyli\u015bmy si\u0119 na tak wiele nowych potraw ostatnimi czasy. A poniewa\u017c\njemy codziennie, okazji do pr\u00f3bowania wszystkich smak\u00f3w \u015bwiata jest wiele. Smakujmy\nwi\u0119c!<\/p>\n","protected":false},"excerpt":{"rendered":"<p>Odpowied\u017a na takie pytanie, przy za\u0142o\u017ceniu, \u017ce \u015bwiat jest obecnie&nbsp; naprawd\u0119 globaln\u0105 wiosk\u0105, brzmi: wszystko. Wystarczy przej\u015b\u0107 si\u0119 jak\u0105kolwiek miejsk\u0105 ulic\u0105, aby napotka\u0107 sklepy i restauracje, restauracyjki, kafejki, bary czy knajpki oferuj\u0105ce produkty i dania z najdalszych stron \u015bwiata. Podoba nam si\u0119 bardzo takie podr\u00f3\u017cowanie bez wysi\u0142ku, smakowanie i pr\u00f3bowanie tego, czego nie musimy szuka\u0107 [&hellip;]<\/p>\n","protected":false},"author":37,"featured_media":0,"comment_status":"open","ping_status":"closed","sticky":false,"template":"","format":"standard","meta":{"footnotes":""},"categories":[1],"tags":[],"_links":{"self":[{"href":"https:\/\/blog.polityka.pl\/adamczewski\/wp-json\/wp\/v2\/posts\/17285"}],"collection":[{"href":"https:\/\/blog.polityka.pl\/adamczewski\/wp-json\/wp\/v2\/posts"}],"about":[{"href":"https:\/\/blog.polityka.pl\/adamczewski\/wp-json\/wp\/v2\/types\/post"}],"author":[{"embeddable":true,"href":"https:\/\/blog.polityka.pl\/adamczewski\/wp-json\/wp\/v2\/users\/37"}],"replies":[{"embeddable":true,"href":"https:\/\/blog.polityka.pl\/adamczewski\/wp-json\/wp\/v2\/comments?post=17285"}],"version-history":[{"count":1,"href":"https:\/\/blog.polityka.pl\/adamczewski\/wp-json\/wp\/v2\/posts\/17285\/revisions"}],"predecessor-version":[{"id":17286,"href":"https:\/\/blog.polityka.pl\/adamczewski\/wp-json\/wp\/v2\/posts\/17285\/revisions\/17286"}],"wp:attachment":[{"href":"https:\/\/blog.polityka.pl\/adamczewski\/wp-json\/wp\/v2\/media?parent=17285"}],"wp:term":[{"taxonomy":"category","embeddable":true,"href":"https:\/\/blog.polityka.pl\/adamczewski\/wp-json\/wp\/v2\/categories?post=17285"},{"taxonomy":"post_tag","embeddable":true,"href":"https:\/\/blog.polityka.pl\/adamczewski\/wp-json\/wp\/v2\/tags?post=17285"}],"curies":[{"name":"wp","href":"https:\/\/api.w.org\/{rel}","templated":true}]}}