
{"id":1729,"date":"2010-05-18T08:00:01","date_gmt":"2010-05-18T06:00:01","guid":{"rendered":"http:\/\/adamczewski.blog.polityka.pl\/?p=1729"},"modified":"2010-05-16T19:51:38","modified_gmt":"2010-05-16T17:51:38","slug":"targi-bez-targowania","status":"publish","type":"post","link":"https:\/\/blog.polityka.pl\/adamczewski\/2010\/05\/18\/targi-bez-targowania\/","title":{"rendered":"Targi bez targowania"},"content":{"rendered":"<p><a href=\"\/wp-content\/uploads\/2010\/05\/targi-w-warszawie-10-p5160041.jpg\"><\/a><\/p>\n<p>Dwie godziny na Targach Ksi\u0105\u017cki min\u0119\u0142y szybko. Przed nami podpisywa\u0142a swoje ksi\u0105\u017cki dla m\u0142odzie\u017cy Ma\u0142gorzata Karolina Piekarska, a po nas najwybitniejszy chyba obecnie publicysta historyczny Tomasz \u0141ubie\u0144ski. Mieli\u015bmy wi\u0119c znakomite towarzystwo. Vis a vis w stoisku Wydawnictwa Muza siedzia\u0142 Kloss czyli Stanis\u0142aw Mikulski. I wcale nie mia\u0142 wi\u0119kszego t\u0142oku ni\u017c my.<\/p>\n<p><img loading=\"lazy\" decoding=\"async\" class=\"aligncenter size-medium wp-image-1730\" title=\"targi-w-warszawie-10-p5160041\" src=\"\/wp-content\/uploads\/2010\/05\/targi-w-warszawie-10-p5160041-300x225.jpg\" alt=\"\" width=\"300\" height=\"225\" srcset=\"\/adamczewski\/wp-content\/uploads\/2010\/05\/targi-w-warszawie-10-p5160041-300x225.jpg 300w, \/adamczewski\/wp-content\/uploads\/2010\/05\/targi-w-warszawie-10-p5160041.jpg 640w\" sizes=\"(max-width: 300px) 100vw, 300px\" \/><\/p>\n<p>Og\u0142oszenie wisz\u0105ce nad nami na \u015bcianie stoiska proponuj\u0105ce czytelnikom targowanie si\u0119 o ceny ksi\u0105\u017cek nie sprowokowa\u0142y nikogo do negocjacji. Wszyscy zadowolili si\u0119 targowym rabatem i p\u0142acili bez szemrania.<br \/>\nPo nasze ksi\u0105\u017cki przyszli w wi\u0119kszo\u015bci s\u0142uchacze TOK FM. Mi\u0142o wi\u0119c si\u0119 rozmawia\u0142o. Troch\u0119 narzekali, \u017ce od wydania ?W\u0119dr\u00f3wki\u00a0 po sto\u0142ach Europy? nic nowego nie wydali\u015bmy ale obiecali\u015bmy, i\u017c wkr\u00f3tce uka\u017c\u0105 si\u0119 dwie nowe ksi\u0105\u017cki (jedna w katowickim Videografie a druga?trwaj\u0105 rozmowy wi\u0119c nie ujawniam) czyli b\u0119dzie co\u015b na jesienny Krak\u00f3w. Cho\u0107 prawd\u0119 m\u00f3wi\u0105c nie od nas to zale\u017cy lecz od wydawc\u00f3w, kt\u00f3rzy zajmuj\u0105 si\u0119 teraz g\u0142\u00f3wnie technik\u0105 przysz\u0142o\u015bci czyli e-bookami. A my tacy papierowi.<\/p>\n<p><img loading=\"lazy\" decoding=\"async\" class=\"aligncenter size-medium wp-image-1731\" title=\"targi-warszawskie-10-p5160047\" src=\"\/wp-content\/uploads\/2010\/05\/targi-warszawskie-10-p5160047-300x225.jpg\" alt=\"\" width=\"300\" height=\"225\" srcset=\"\/adamczewski\/wp-content\/uploads\/2010\/05\/targi-warszawskie-10-p5160047-300x225.jpg 300w, \/adamczewski\/wp-content\/uploads\/2010\/05\/targi-warszawskie-10-p5160047.jpg 640w\" sizes=\"(max-width: 300px) 100vw, 300px\" \/><\/p>\n<p>Po Targach pojechali\u015bmy na obiad do przesympatycznej w\u0142oskiej knajpki mieszcz\u0105cej si\u0119 w gmachu Biblioteki Uniwersyteckiej na Powi\u015blu. ?Boscaiola? mie\u015bci na rogu tego gmaszyska od strony Wis\u0142y. Knajpka malutka ale pyszna. Ma swoj\u0105 sta\u0142\u0105 publiczno\u015b\u0107, kt\u00f3r\u0105 przyci\u0105ga mi\u0142\u0105 i fachow\u0105 obs\u0142ug\u0105 , a przede wszystkim smakowitymi daniami. Dok\u0142adn\u0105 relacj\u0119 zdam w odnawianym w\u0142a\u015bnie rankingu ?Za sto\u0142em?, kt\u00f3ry ju\u017c za kilka dni b\u0119dzie osi\u0105galny w internetowym wydaniu ?Polityki?. A ?Boscaiola? wkr\u00f3tce ozdobi sw\u00f3j szyld dyplomem ze z\u0142otymi gwiazdkami.<\/p>\n<p>\u00a0<\/p>\n<p>\u00a0<\/p>\n","protected":false},"excerpt":{"rendered":"<p>Dwie godziny na Targach Ksi\u0105\u017cki min\u0119\u0142y szybko. Przed nami podpisywa\u0142a swoje ksi\u0105\u017cki dla m\u0142odzie\u017cy Ma\u0142gorzata Karolina Piekarska, a po nas najwybitniejszy chyba obecnie publicysta historyczny Tomasz \u0141ubie\u0144ski. Mieli\u015bmy wi\u0119c znakomite towarzystwo. Vis a vis w stoisku Wydawnictwa Muza siedzia\u0142 Kloss czyli Stanis\u0142aw Mikulski. I wcale nie mia\u0142 wi\u0119kszego t\u0142oku ni\u017c my. Og\u0142oszenie wisz\u0105ce nad nami [&hellip;]<\/p>\n","protected":false},"author":2,"featured_media":0,"comment_status":"open","ping_status":"open","sticky":false,"template":"","format":"standard","meta":{"footnotes":""},"categories":[1],"tags":[],"_links":{"self":[{"href":"https:\/\/blog.polityka.pl\/adamczewski\/wp-json\/wp\/v2\/posts\/1729"}],"collection":[{"href":"https:\/\/blog.polityka.pl\/adamczewski\/wp-json\/wp\/v2\/posts"}],"about":[{"href":"https:\/\/blog.polityka.pl\/adamczewski\/wp-json\/wp\/v2\/types\/post"}],"author":[{"embeddable":true,"href":"https:\/\/blog.polityka.pl\/adamczewski\/wp-json\/wp\/v2\/users\/2"}],"replies":[{"embeddable":true,"href":"https:\/\/blog.polityka.pl\/adamczewski\/wp-json\/wp\/v2\/comments?post=1729"}],"version-history":[{"count":0,"href":"https:\/\/blog.polityka.pl\/adamczewski\/wp-json\/wp\/v2\/posts\/1729\/revisions"}],"wp:attachment":[{"href":"https:\/\/blog.polityka.pl\/adamczewski\/wp-json\/wp\/v2\/media?parent=1729"}],"wp:term":[{"taxonomy":"category","embeddable":true,"href":"https:\/\/blog.polityka.pl\/adamczewski\/wp-json\/wp\/v2\/categories?post=1729"},{"taxonomy":"post_tag","embeddable":true,"href":"https:\/\/blog.polityka.pl\/adamczewski\/wp-json\/wp\/v2\/tags?post=1729"}],"curies":[{"name":"wp","href":"https:\/\/api.w.org\/{rel}","templated":true}]}}