
{"id":17291,"date":"2022-04-19T17:57:16","date_gmt":"2022-04-19T15:57:16","guid":{"rendered":"http:\/\/adamczewski.blog.polityka.pl\/?p=17291"},"modified":"2022-04-19T17:57:16","modified_gmt":"2022-04-19T15:57:16","slug":"swieconka-2022-w-naszej-wsi","status":"publish","type":"post","link":"https:\/\/blog.polityka.pl\/adamczewski\/2022\/04\/19\/swieconka-2022-w-naszej-wsi\/","title":{"rendered":"\u015awi\u0119conka 2022  w naszej wsi"},"content":{"rendered":"\n<p>To by\u0142y zawsze mi\u0142e spotkania s\u0105siad\u00f3w mieszkaj\u0105cych w naszej wsi na sta\u0142e i letnik\u00f3w. Ka\u017cdego roku, zw\u0142aszcza kiedy Wielkanoc wypada\u0142a p\u00f3\u017ano spotykali\u015bmy si\u0119 w miejscowej \u015bwietlicy na \u015bwi\u0119cenie wielkanocnych koszyczk\u00f3w. Wierz\u0105cy i niewierz\u0105cy. W tym roku jednak, cho\u0107 zn\u00f3w si\u0119 spotkali\u015bmy przyby\u0142o nam uczestnik\u00f3w: uciekinierzy z Ukrainy, mieszkaj\u0105cy w jednym z letnich dom\u00f3w. Otrzymuj\u0105 wyrazy sympatii, serdeczno\u015bci i go\u015bcinno\u015bci, a tak\u017ce pomoc w codziennych sprawach. Wiem, \u017ce \u00a0oni sami b\u0119d\u0105 obchodzi\u0107 \u015bwi\u0119ta dopiero w przysz\u0142ym tygodniu, ka\u017cdego\u00a0 jednak \u00a0dnia rzymsko-katolickiej Wielkiejnocy byli zaproszeni do kogo\u015b z s\u0105siedztwa, aby zasi\u0105\u015b\u0107 przy wsp\u00f3lnym stole. Wielkie z\u0142o rodzi wi\u0119c dobro.<\/p>\n\n\n\n<p>Te\n\u015bwi\u0119ta obchodzili\u015bmy w nastroju niepewno\u015bci, niekiedy obaw. By\u0142y one odmienne\nni\u017c te z wielu poprzednich lat. Pogoda te\u017c nas nie rozpieszcza\u0142a. Wielkanocne\nprzysmaki poprawi\u0142y nieco humory. Pasztety: jarski i mi\u0119sny, r\u00f3\u017cne mi\u0119sa, morze\nwiejskich jajek, ale i smakowite \u015bledzie \u2212 to nasz \u015bwi\u0105teczny\nrepertuar: do wyboru do koloru. A pr\u00f3cz tego mi\u0142e twarze wok\u00f3\u0142. Czego wi\u0119cej\nchcie\u0107. No, mo\u017ce jeszcze paru rzeczy, ale cieszmy si\u0119 z tego, co wok\u00f3\u0142 nas. <\/p>\n","protected":false},"excerpt":{"rendered":"<p>To by\u0142y zawsze mi\u0142e spotkania s\u0105siad\u00f3w mieszkaj\u0105cych w naszej wsi na sta\u0142e i letnik\u00f3w. Ka\u017cdego roku, zw\u0142aszcza kiedy Wielkanoc wypada\u0142a p\u00f3\u017ano spotykali\u015bmy si\u0119 w miejscowej \u015bwietlicy na \u015bwi\u0119cenie wielkanocnych koszyczk\u00f3w. Wierz\u0105cy i niewierz\u0105cy. W tym roku jednak, cho\u0107 zn\u00f3w si\u0119 spotkali\u015bmy przyby\u0142o nam uczestnik\u00f3w: uciekinierzy z Ukrainy, mieszkaj\u0105cy w jednym z letnich dom\u00f3w. Otrzymuj\u0105 wyrazy [&hellip;]<\/p>\n","protected":false},"author":37,"featured_media":0,"comment_status":"open","ping_status":"closed","sticky":false,"template":"","format":"standard","meta":{"footnotes":""},"categories":[1],"tags":[],"_links":{"self":[{"href":"https:\/\/blog.polityka.pl\/adamczewski\/wp-json\/wp\/v2\/posts\/17291"}],"collection":[{"href":"https:\/\/blog.polityka.pl\/adamczewski\/wp-json\/wp\/v2\/posts"}],"about":[{"href":"https:\/\/blog.polityka.pl\/adamczewski\/wp-json\/wp\/v2\/types\/post"}],"author":[{"embeddable":true,"href":"https:\/\/blog.polityka.pl\/adamczewski\/wp-json\/wp\/v2\/users\/37"}],"replies":[{"embeddable":true,"href":"https:\/\/blog.polityka.pl\/adamczewski\/wp-json\/wp\/v2\/comments?post=17291"}],"version-history":[{"count":1,"href":"https:\/\/blog.polityka.pl\/adamczewski\/wp-json\/wp\/v2\/posts\/17291\/revisions"}],"predecessor-version":[{"id":17292,"href":"https:\/\/blog.polityka.pl\/adamczewski\/wp-json\/wp\/v2\/posts\/17291\/revisions\/17292"}],"wp:attachment":[{"href":"https:\/\/blog.polityka.pl\/adamczewski\/wp-json\/wp\/v2\/media?parent=17291"}],"wp:term":[{"taxonomy":"category","embeddable":true,"href":"https:\/\/blog.polityka.pl\/adamczewski\/wp-json\/wp\/v2\/categories?post=17291"},{"taxonomy":"post_tag","embeddable":true,"href":"https:\/\/blog.polityka.pl\/adamczewski\/wp-json\/wp\/v2\/tags?post=17291"}],"curies":[{"name":"wp","href":"https:\/\/api.w.org\/{rel}","templated":true}]}}