
{"id":1733,"date":"2010-05-21T08:00:17","date_gmt":"2010-05-21T06:00:17","guid":{"rendered":"http:\/\/adamczewski.blog.polityka.pl\/?p=1733"},"modified":"2010-05-21T08:23:15","modified_gmt":"2010-05-21T06:23:15","slug":"zycie-trutnie-nie-jest-calkiem-fajne","status":"publish","type":"post","link":"https:\/\/blog.polityka.pl\/adamczewski\/2010\/05\/21\/zycie-trutnie-nie-jest-calkiem-fajne\/","title":{"rendered":"\u017bycie trutnia nie jest ca\u0142kiem fajne"},"content":{"rendered":"<p>W dawnych latach, a dok\u0142adniej w 1982 roku, gdy przez pewien czas nie uprawia\u0142em dziennikarstwa, zapisa\u0142em si\u0119 do szko\u0142y pszczelarskiej, na dow\u00f3d czego mam stosowny dyplom. Mia\u0142em sze\u015b\u0107 uli i usi\u0142owa\u0142em \u017cy\u0107 z produkcji miodu. Do\u015b\u0107 szybko jednak zorientowa\u0142em si\u0119, \u017ce to nie takie proste. Ule podarowa\u0142em s\u0105siadowi na wsi ale mi\u0142o\u015b\u0107 do pszcz\u00f3\u0142 pozosta\u0142a.<\/p>\n<p>Ostatnio coraz cz\u0119\u015bciej s\u0142ycha\u0107 o zagro\u017ceniu losu pszcz\u00f3\u0142. Convivium Varsavia Slow Food organizuje na ten temat sesje i spotkania. Trzeba pszczo\u0142om ruszy\u0107 na pomoc. Zw\u0142aszcza je\u015bli lubi si\u0119 mi\u00f3d. A my lubimy.<br \/>\nW wielu pismach pojawi\u0142y si\u0119 interesuj\u0105ce artyku\u0142y o \u017cyciu i hodowli tych fascynuj\u0105cych owad\u00f3w. Przytaczam wi\u0119c dzi\u015b niewielki fragment tekstu Grzegorza Kapli z miesi\u0119cznika &#8222;Wr\u00f3\u017cka&#8221;:<\/p>\n<p>&#8222;Pszczela fizjologia jest fascynuj\u0105ca. Z tego samego zap\u0142odnionego jajeczka mo\u017ce urodzi\u0107 si\u0119 robotnica albo kr\u00f3lowa. T\u0119 pierwsz\u0105 czeka 21 dni kr\u00f3tkiego i bolesnego \u017cywota pe\u0142nego pracy. T\u0119 drug\u0105 pi\u0119\u0107 lat przyjmowania ho\u0142d\u00f3w.<\/p>\n<p><img loading=\"lazy\" decoding=\"async\" class=\"aligncenter size-medium wp-image-1734\" title=\"pszczola-meska-truten\" src=\"\/wp-content\/uploads\/2010\/05\/pszczola-meska-truten-300x267.jpg\" alt=\"\" width=\"300\" height=\"267\" srcset=\"\/adamczewski\/wp-content\/uploads\/2010\/05\/pszczola-meska-truten-300x267.jpg 300w, \/adamczewski\/wp-content\/uploads\/2010\/05\/pszczola-meska-truten.jpg 617w\" sizes=\"(max-width: 300px) 100vw, 300px\" \/><\/p>\n<p><em>Oj, biedny ty cho\u0107 \u015bliczny, trutniu!<\/em><\/p>\n<p>Trute\u0144 urodzi si\u0119 z takiego samego jajeczka, ale niezap\u0142odnionego, dlatego nie ma ojca, ale ma dziadka. Jego rol\u0105 jest wype\u0142ni\u0107 worek nasienny kr\u00f3lowej. Gdy to zrobi, umiera. Pszczela kr\u00f3lowa pozwala pszczo\u0142om przesta\u0107 go karmi\u0107 i poi\u0107. Trute\u0144 odleci w poszukiwaniu wody i nie b\u0119dzie mia\u0142 si\u0142y wr\u00f3ci\u0107. A je\u015bli mu si\u0119 powiedzie, stra\u017cniczki nie wpuszcz\u0105 go z powrotem. Jest zbyt du\u017cy, \u017ceby go karmi\u0107 przez ca\u0142\u0105 zim\u0119.<\/p>\n<p><img loading=\"lazy\" decoding=\"async\" class=\"aligncenter size-medium wp-image-1735\" title=\"pszczola\" src=\"\/wp-content\/uploads\/2010\/05\/pszczola-300x200.jpg\" alt=\"\" width=\"300\" height=\"200\" srcset=\"\/adamczewski\/wp-content\/uploads\/2010\/05\/pszczola-300x200.jpg 300w, \/adamczewski\/wp-content\/uploads\/2010\/05\/pszczola.jpg 454w\" sizes=\"(max-width: 300px) 100vw, 300px\" \/><\/p>\n<p><em>Larwa karmiona miodem, wyro\u015bnie na robotnic\u0119&#8230;<\/em><\/p>\n<p>&#8230;je\u015bli mleczkiem &#8211; stanie si\u0119 kr\u00f3low\u0105. Rozmna\u017canie kr\u00f3lowych to sztuka sk\u0142onienia pszcz\u00f3\u0142 do tego, \u017ceby karmi\u0142y larwy mleczkiem.<\/p>\n<p>Ostatnia grupa robotnic, wrze\u015bniowa, b\u0119dzie \u017cy\u0107 kilka miesi\u0119cy &#8211; a\u017c do wiosny. B\u0119d\u0105 musia\u0142y wykarmi\u0107 pierwsz\u0105, noworoczn\u0105 grup\u0119 czerwi.<\/p>\n<p>Ale wcze\u015bniej, kiedy nadejd\u0105 mrozy, robotnice zbij\u0105 si\u0119 w kul\u0119, by swoimi cia\u0142kami ogrzewa\u0107 kr\u00f3low\u0105. Potrzebuje takiej temperatury, \u017ceby nie zgin\u0119\u0142y plemniki w jej worku nasiennym. Je\u015bli wymarzn\u0105, wiosn\u0105 nie urodz\u0105 si\u0119 nowe larwy&#8230;&#8221;<\/p>\n<p>Tyle o smutnym losie trutni. I ci\u0119\u017ckiej pracy pszcz\u00f3\u0142. Ciesz\u0119 si\u0119 natomiast, \u017ce tak wiele os\u00f3b z naszego grona pomaga pszczo\u0142om hoduj\u0105c kwiaty i uprawiaj\u0105c ogrody. Najwi\u0119kszym bowiem dla nich zagro\u017ceniem s\u0105 uprawy monokulturowe ogarniaj\u0105ce coraz wi\u0119ksze obszary wiejskie i oczywi\u015bcie chemia stosowana w walce ze szkodnikami.<br \/>\nZapraszajmy wi\u0119c pszczo\u0142y do naszych ogr\u00f3dk\u00f3w, a nawet na balkony i parapety. One s\u0105 naprawd\u0119 sympatyczne.<\/p>\n","protected":false},"excerpt":{"rendered":"<p>W dawnych latach, a dok\u0142adniej w 1982 roku, gdy przez pewien czas nie uprawia\u0142em dziennikarstwa, zapisa\u0142em si\u0119 do szko\u0142y pszczelarskiej, na dow\u00f3d czego mam stosowny dyplom. Mia\u0142em sze\u015b\u0107 uli i usi\u0142owa\u0142em \u017cy\u0107 z produkcji miodu. Do\u015b\u0107 szybko jednak zorientowa\u0142em si\u0119, \u017ce to nie takie proste. Ule podarowa\u0142em s\u0105siadowi na wsi ale mi\u0142o\u015b\u0107 do pszcz\u00f3\u0142 pozosta\u0142a. [&hellip;]<\/p>\n","protected":false},"author":2,"featured_media":0,"comment_status":"open","ping_status":"open","sticky":false,"template":"","format":"standard","meta":{"footnotes":""},"categories":[1],"tags":[],"_links":{"self":[{"href":"https:\/\/blog.polityka.pl\/adamczewski\/wp-json\/wp\/v2\/posts\/1733"}],"collection":[{"href":"https:\/\/blog.polityka.pl\/adamczewski\/wp-json\/wp\/v2\/posts"}],"about":[{"href":"https:\/\/blog.polityka.pl\/adamczewski\/wp-json\/wp\/v2\/types\/post"}],"author":[{"embeddable":true,"href":"https:\/\/blog.polityka.pl\/adamczewski\/wp-json\/wp\/v2\/users\/2"}],"replies":[{"embeddable":true,"href":"https:\/\/blog.polityka.pl\/adamczewski\/wp-json\/wp\/v2\/comments?post=1733"}],"version-history":[{"count":0,"href":"https:\/\/blog.polityka.pl\/adamczewski\/wp-json\/wp\/v2\/posts\/1733\/revisions"}],"wp:attachment":[{"href":"https:\/\/blog.polityka.pl\/adamczewski\/wp-json\/wp\/v2\/media?parent=1733"}],"wp:term":[{"taxonomy":"category","embeddable":true,"href":"https:\/\/blog.polityka.pl\/adamczewski\/wp-json\/wp\/v2\/categories?post=1733"},{"taxonomy":"post_tag","embeddable":true,"href":"https:\/\/blog.polityka.pl\/adamczewski\/wp-json\/wp\/v2\/tags?post=1733"}],"curies":[{"name":"wp","href":"https:\/\/api.w.org\/{rel}","templated":true}]}}