
{"id":17345,"date":"2024-02-17T18:06:34","date_gmt":"2024-02-17T17:06:34","guid":{"rendered":"http:\/\/adamczewski.blog.polityka.pl\/?p=17345"},"modified":"2024-02-17T18:06:34","modified_gmt":"2024-02-17T17:06:34","slug":"aleja-niepodleglosci","status":"publish","type":"post","link":"https:\/\/blog.polityka.pl\/adamczewski\/2024\/02\/17\/aleja-niepodleglosci\/","title":{"rendered":"Aleja Niepodleg\u0142o\u015bci"},"content":{"rendered":"\n<p>Ta\nwarszawska ulica ma histori\u0119 niemal stuletni\u0105. Daleki Mokot\u00f3w ju\u017c przed wojn\u0105\nuwa\u017cany by\u0142 za dobre miejsce do mieszkania tote\u017c powstawa\u0142y tu eleganckie domy\nz pi\u0119knymi mieszkaniami dla wymagaj\u0105cych oraz ogniska biedniejszych siedzib. Takim\nfragmentem Mokotowa o nie najlepszej s\u0142awie, mimo wojennej katastrofy jeszcze\nkilkana\u015bcie lat po wojnie by\u0142a dla Mokotowian ulica Madali\u0144skiego wraz z\nprzylegaj\u0105cymi uliczkami. <\/p>\n\n\n\n<p>Tam\nrodzice nie pozwalali mokotowskim dzieciom chodzi\u0107. Ale szeroka Aleja Niepodleg\u0142o\u015bci,\ntu\u017c obok tamtej podejrzanej, by\u0142a miejscem eleganckich, nowoczesnych, po wojnie\nszybko wyremontowanych dom\u00f3w, gdzie mieszkali spokojni ludzie. We wczesnych\nlatach powojennych spodoba\u0142a si\u0119 ta bliska i dobrze skomunikowana dzielnica \u201eresortom\nsi\u0142owym\u201d i powsta\u0142o wiele skupisk dom\u00f3w przeznaczonych dla ich pracownik\u00f3w. Dla\nich wygody powstawa\u0142y te\u017c liczne sklepy. Ale nie zwyk\u0142e sklepy. By\u0142y to \u201esklepy\nza \u017c\u00f3\u0142tymi firankami\u201d, krainy niezwyk\u0142ej w owych czasach obfito\u015bci. Ich\nistnienie burzy\u0142o krew. Jeden z nich mie\u015bci\u0142 si\u0119 przy Al. Niepodleg\u0142o\u015bci 135. Trzeba\nby\u0142o bowiem mie\u0107 tylko lub a\u017c, specjaln\u0105 legitymacj\u0119 upowa\u017cniaj\u0105c\u0105 do zakupu\ntych wspania\u0142ych towar\u00f3w, a ju\u017c mo\u017cna bylo kupi\u0107 zar\u00f3wno po\u0142udniowe owoce,\n\u015bwietne tkaniny, nowoczesne sprz\u0119ty i inne niedost\u0119pne gdzie indziej cude\u0144ka. Pami\u0119tam,\njak moja Mama wchodzi\u0142a, doskonale przecie\u017c orientuj\u0105c si\u0119, do tego w\u0142a\u015bnie sklepu,\nprosi\u0142a o jaki\u015b atrakcyjny towar i poproszona o legitymacj\u0119 udawa\u0142a zdziwienie.\nI oczywi\u015bcie, nadal udaj\u0105c wielkie zdziwienie, wychodzi\u0142a z tej krainy\nobfito\u015bci z niczym.<\/p>\n\n\n\n<p>Min\u0119\u0142y\nlata. Po wielu mokotowskich metamorfozach w miejscu re\u017cimowego sklepu ulokowa\u0142a\nsi\u0119 \u201eKlubokawiarnia Po\u017cyteczna\u201d. Niewielu ju\u017c pewnie mieszka\u0144c\u00f3w tej okolicy wie\ncokolwiek o niechwalebnej przesz\u0142o\u015bci lokalu, kt\u00f3ry obecnie jest miejscem pracy\ndla os\u00f3b z lekk\u0105 niepe\u0142nosprawno\u015bci\u0105 umys\u0142ow\u0105. Wiem, takich miejsc jest ju\u017c w\nPolsce pewna liczba, nie jest to wyj\u0105tkowe zjawisko rynkowe, ale to zderzenie\ntera\u017aniejszo\u015bci z niechwalebn\u0105 przesz\u0142o\u015bci\u0105 na starszych jak ja Mokotowianach,\nmo\u017ce robi\u0107 wra\u017cenie. Wydaje si\u0119, \u017ce Po\u017cyteczna wpisa\u0142a si\u0119 doskonale w pejza\u017c Mokotowa,\nma wn\u0119trze, kt\u00f3re daje poczucie spokoju, wedle mody umeblowane r\u00f3\u017cnymi \u0142adnymi meblami\nz histori\u0105, p\u00f3\u0142kami z ksi\u0105\u017ckami, z daj\u0105cymi od razu poczucie wygody poduchami<\/p>\n\n\n\n<p>Ostatnio\nposz\u0142am tam z przyjaci\u00f3\u0142mi na pyszn\u0105 po\u0142udniow\u0105 pogaduch\u0119 z odrobin\u0105 s\u0142odyczy. Pyszny\nby\u0142 sernik i dobra herbata, kt\u00f3rymi si\u0119 delektowa\u0142am. Doskona\u0142a &nbsp;te\u017c kawa i r\u00f3\u017cne ciasta w\u0142asnej produkcji\njedzone przez innych uczestnik\u00f3w spotkania. Da\u0144 obiadowych i lunchowych nie\ntestowa\u0142am sama, lecz polegam na opinii przyjaci\u00f3\u0142, kt\u00f3rzy tu cz\u0119sto na\ncodzienne obiady wpadaj\u0105 i uznaj\u0105 je za bardzo smaczne. \n\nNo, ale nie ma co m\u00f3wi\u0107. Zach\u0119cam do odwiedzenia tego miejsca, mieszcz\u0105cego\nsi\u0119 przy Alei Niepodleg\u0142o\u015bci 135.Pow\u00f3d znajd\u017acie sami. Naprawd\u0119, mi\u0142o zobaczy\u0107\njak z\u0142a przesz\u0142o\u015b\u0107 odesz\u0142a w n\n\n\n\n<\/p>\n","protected":false},"excerpt":{"rendered":"<p>Ta warszawska ulica ma histori\u0119 niemal stuletni\u0105. Daleki Mokot\u00f3w ju\u017c przed wojn\u0105 uwa\u017cany by\u0142 za dobre miejsce do mieszkania tote\u017c powstawa\u0142y tu eleganckie domy z pi\u0119knymi mieszkaniami dla wymagaj\u0105cych oraz ogniska biedniejszych siedzib. Takim fragmentem Mokotowa o nie najlepszej s\u0142awie, mimo wojennej katastrofy jeszcze kilkana\u015bcie lat po wojnie by\u0142a dla Mokotowian ulica Madali\u0144skiego wraz z [&hellip;]<\/p>\n","protected":false},"author":37,"featured_media":0,"comment_status":"open","ping_status":"closed","sticky":false,"template":"","format":"standard","meta":{"footnotes":""},"categories":[1],"tags":[],"_links":{"self":[{"href":"https:\/\/blog.polityka.pl\/adamczewski\/wp-json\/wp\/v2\/posts\/17345"}],"collection":[{"href":"https:\/\/blog.polityka.pl\/adamczewski\/wp-json\/wp\/v2\/posts"}],"about":[{"href":"https:\/\/blog.polityka.pl\/adamczewski\/wp-json\/wp\/v2\/types\/post"}],"author":[{"embeddable":true,"href":"https:\/\/blog.polityka.pl\/adamczewski\/wp-json\/wp\/v2\/users\/37"}],"replies":[{"embeddable":true,"href":"https:\/\/blog.polityka.pl\/adamczewski\/wp-json\/wp\/v2\/comments?post=17345"}],"version-history":[{"count":1,"href":"https:\/\/blog.polityka.pl\/adamczewski\/wp-json\/wp\/v2\/posts\/17345\/revisions"}],"predecessor-version":[{"id":17346,"href":"https:\/\/blog.polityka.pl\/adamczewski\/wp-json\/wp\/v2\/posts\/17345\/revisions\/17346"}],"wp:attachment":[{"href":"https:\/\/blog.polityka.pl\/adamczewski\/wp-json\/wp\/v2\/media?parent=17345"}],"wp:term":[{"taxonomy":"category","embeddable":true,"href":"https:\/\/blog.polityka.pl\/adamczewski\/wp-json\/wp\/v2\/categories?post=17345"},{"taxonomy":"post_tag","embeddable":true,"href":"https:\/\/blog.polityka.pl\/adamczewski\/wp-json\/wp\/v2\/tags?post=17345"}],"curies":[{"name":"wp","href":"https:\/\/api.w.org\/{rel}","templated":true}]}}