
{"id":1736,"date":"2010-05-24T08:00:30","date_gmt":"2010-05-24T06:00:30","guid":{"rendered":"http:\/\/adamczewski.blog.polityka.pl\/?p=1736"},"modified":"2010-05-23T09:52:17","modified_gmt":"2010-05-23T07:52:17","slug":"urodziny-z-wiewiorkami","status":"publish","type":"post","link":"https:\/\/blog.polityka.pl\/adamczewski\/2010\/05\/24\/urodziny-z-wiewiorkami\/","title":{"rendered":"Urodziny w\u015br\u00f3d wiewi\u00f3rek"},"content":{"rendered":"<p>Nie denerwujcie si\u0119. Nie na stole, cho\u0107 bardzo blisko sto\u0142u biesiadnego. W dzie\u0144 moich urodzin mia\u0142em niezwyk\u0142e odwiedziny. Tu\u017c obok werandy, kt\u00f3r\u0105 niekt\u00f3rzy znaj\u0105 ze Zjazdu nr II (tu si\u0119 odbywa\u0142y wszystkie biesiady), a inni ze zdj\u0119\u0107 blogowych, ro\u015bnie stara, gruba sosna. Na tej so\u015bnie co jaki\u015b czas robi\u0105 sobie wy\u015bcigi mieszkaj\u0105ce w moim lesie wiewi\u00f3rki. Tak by\u0142o i tym razem. Niby tak jak zwykle, ale\u00a0 troch\u0119 inaczej. Popatrzcie na pierwsze zdj\u0119cie i zrozumiecie w czym ta r\u00f3\u017cnica.<\/p>\n<p><img loading=\"lazy\" decoding=\"async\" class=\"aligncenter size-medium wp-image-1737\" title=\"wiewiorka-nr-1-p5190001\" src=\"\/wp-content\/uploads\/2010\/05\/wiewiorka-nr-1-p5190001-300x225.jpg\" alt=\"\" width=\"300\" height=\"225\" srcset=\"\/adamczewski\/wp-content\/uploads\/2010\/05\/wiewiorka-nr-1-p5190001-300x225.jpg 300w, \/adamczewski\/wp-content\/uploads\/2010\/05\/wiewiorka-nr-1-p5190001.jpg 640w\" sizes=\"(max-width: 300px) 100vw, 300px\" \/><\/p>\n<p><em>Jeden maluch&#8230;<\/em><\/p>\n<p>Us\u0142yszawszy rumor na so\u015bnie przerwa\u0142em przygotowania do kolacji i wyszed\u0142em na zewn\u0105trz. Pod sosn\u0105 sta\u0142y pieski s\u0105siad\u00f3w, o kt\u00f3rych ju\u017c pisa\u0142em, z zadartymi pyskami i wlepia\u0142y wzrok w sosn\u0119. Zrobi\u0142em to samo. Zobaczy\u0142em tam to co i Wy widzicie.<\/p>\n<p><img loading=\"lazy\" decoding=\"async\" class=\"aligncenter size-medium wp-image-1738\" title=\"wiewiorka-nr-2-p5190003\" src=\"\/wp-content\/uploads\/2010\/05\/wiewiorka-nr-2-p5190003-300x225.jpg\" alt=\"\" width=\"300\" height=\"225\" srcset=\"\/adamczewski\/wp-content\/uploads\/2010\/05\/wiewiorka-nr-2-p5190003-300x225.jpg 300w, \/adamczewski\/wp-content\/uploads\/2010\/05\/wiewiorka-nr-2-p5190003.jpg 640w\" sizes=\"(max-width: 300px) 100vw, 300px\" \/><\/p>\n<p><em>&#8230; drugi i&#8230;<\/em><\/p>\n<p>Tych maluch\u00f3w z nieow\u0142osionymi jeszcze ogonami by\u0142o a\u017c cztery sztuki. Napominane przez zdenerwowana matk\u0119 nie przejmowa\u0142y si\u0119 jej cmokaniem i gania\u0142y w g\u00f3r\u0119 i w d\u00f3\u0142. W pewnym momencie\u00a0 WSZYSTKIE pospada\u0142y na trawnik wprost pod pysk gapi\u0105cego si\u0119 Lolka. Ten nie zastanawiaj\u0105c si\u0119 k\u0142apn\u0105\u0142 szcz\u0119k\u0105 i schwyta\u0142 jedn\u0105 wiewi\u00f3reczk\u0119. Trzy pozosta\u0142e mog\u0142y dzi\u0119ki temu galopem uciec do mojej drewutni, gdzie znikn\u0119\u0142y mi\u0119dzy por\u0105banymi klockami \u015bci\u0119tych sosen.<\/p>\n<p><img loading=\"lazy\" decoding=\"async\" class=\"aligncenter size-medium wp-image-1739\" title=\"wiewiorka-nr-3-p5190006\" src=\"\/wp-content\/uploads\/2010\/05\/wiewiorka-nr-3-p5190006-300x225.jpg\" alt=\"\" width=\"300\" height=\"225\" srcset=\"\/adamczewski\/wp-content\/uploads\/2010\/05\/wiewiorka-nr-3-p5190006-300x225.jpg 300w, \/adamczewski\/wp-content\/uploads\/2010\/05\/wiewiorka-nr-3-p5190006.jpg 640w\" sizes=\"(max-width: 300px) 100vw, 300px\" \/><\/p>\n<p><em>&#8230; trzeci rozrabiaka<\/em><\/p>\n<p>Ja za\u015b wyda\u0142em z siebie taki ryk, \u017ce przera\u017cony pies otworzy\u0142 pysk i wyplu\u0142 mokr\u0105 ale nie uszkodzon\u0105 wiewi\u00f3reczk\u0119. Ta jednym susem wskoczy\u0142a na werand\u0119 a Basia zatrzasn\u0119\u0142a drzwi.<\/p>\n<p><img loading=\"lazy\" decoding=\"async\" class=\"aligncenter size-medium wp-image-1740\" title=\"wiewiorka-z-mamusia-p5190007\" src=\"\/wp-content\/uploads\/2010\/05\/wiewiorka-z-mamusia-p5190007-300x225.jpg\" alt=\"\" width=\"300\" height=\"225\" srcset=\"\/adamczewski\/wp-content\/uploads\/2010\/05\/wiewiorka-z-mamusia-p5190007-300x225.jpg 300w, \/adamczewski\/wp-content\/uploads\/2010\/05\/wiewiorka-z-mamusia-p5190007.jpg 640w\" sizes=\"(max-width: 300px) 100vw, 300px\" \/><\/p>\n<p><em>Spotkanie z matk\u0105<\/em><\/p>\n<p>Nie trzeba by\u0142o psa strofowa\u0107, bo przera\u017cony moim wrzaskiem podkuli\u0142 ogon pod siebie i czmychn\u0105\u0142 do budy.<\/p>\n<p>Wr\u00f3ci\u0142em na werand\u0119, by odnale\u017a\u0107 nieszcz\u0119\u015bnic\u0119 ale jej ju\u017c tu nie by\u0142o. Znalaz\u0142a dziur\u0119 po s\u0119ku w pod\u0142odze i wymkn\u0119\u0142a si\u0119 do lasu. Tam spotka\u0142a przera\u017con\u0105 matk\u0119 i obie pow\u0119drowa\u0142y do gniazda, kt\u00f3re ? jak wy\u015bledzi\u0142em ? mie\u015bci si\u0119 w\u0142a\u015bnie w mojej drewutni.<br \/>\nTaki by\u0142 pocz\u0105tek urodzinowego przyj\u0119cia.<\/p>\n<p>Zadowoleni ze szcz\u0119\u015bliwego ko\u0144ca tej przygody mogli\u015bmy si\u0105\u015b\u0107 do sto\u0142u gdzie ju\u017c sta\u0142y p\u00f3\u0142miski, na kt\u00f3rych rozr\u00f3\u017cnicie chyba bruschett\u0119 z pomidorami, ostrygi, pieczonego homara, sa\u0142at\u0119 i moje ukochane wino czyli amarone della valpolicella, kt\u00f3re wprawdzie nijak nie pasuje do skorupiak\u00f3w ale do bruschetty i makaronu owszem.<\/p>\n<p><img loading=\"lazy\" decoding=\"async\" class=\"aligncenter size-medium wp-image-1741\" title=\"urodziny-w-lecinioe-nr-2-p5190010\" src=\"\/wp-content\/uploads\/2010\/05\/urodziny-w-lecinioe-nr-2-p5190010-300x225.jpg\" alt=\"\" width=\"300\" height=\"225\" srcset=\"\/adamczewski\/wp-content\/uploads\/2010\/05\/urodziny-w-lecinioe-nr-2-p5190010-300x225.jpg 300w, \/adamczewski\/wp-content\/uploads\/2010\/05\/urodziny-w-lecinioe-nr-2-p5190010.jpg 640w\" sizes=\"(max-width: 300px) 100vw, 300px\" \/><\/p>\n<p>\u00a0<\/p>\n<p>\u00a0<br \/>\nDeseru nie wida\u0107 ale by\u0142 te\u017c niezgorszy: parmezan w kawa\u0142kach polany obficie miodem.<br \/>\nA najlepszym deserem by\u0142y bez przerwy nap\u0142ywaj\u0105ce od Was i innych przyjaci\u00f3\u0142 \u017cyczenia. Komputer grza\u0142 si\u0119, telefon \u015bpiewa\u0142, a my byli\u015bmy szcz\u0119\u015bliwi.<\/p>\n<p>\u00a0<\/p>\n","protected":false},"excerpt":{"rendered":"<p>Nie denerwujcie si\u0119. Nie na stole, cho\u0107 bardzo blisko sto\u0142u biesiadnego. W dzie\u0144 moich urodzin mia\u0142em niezwyk\u0142e odwiedziny. Tu\u017c obok werandy, kt\u00f3r\u0105 niekt\u00f3rzy znaj\u0105 ze Zjazdu nr II (tu si\u0119 odbywa\u0142y wszystkie biesiady), a inni ze zdj\u0119\u0107 blogowych, ro\u015bnie stara, gruba sosna. Na tej so\u015bnie co jaki\u015b czas robi\u0105 sobie wy\u015bcigi mieszkaj\u0105ce w moim lesie [&hellip;]<\/p>\n","protected":false},"author":2,"featured_media":0,"comment_status":"open","ping_status":"open","sticky":false,"template":"","format":"standard","meta":{"footnotes":""},"categories":[1],"tags":[],"_links":{"self":[{"href":"https:\/\/blog.polityka.pl\/adamczewski\/wp-json\/wp\/v2\/posts\/1736"}],"collection":[{"href":"https:\/\/blog.polityka.pl\/adamczewski\/wp-json\/wp\/v2\/posts"}],"about":[{"href":"https:\/\/blog.polityka.pl\/adamczewski\/wp-json\/wp\/v2\/types\/post"}],"author":[{"embeddable":true,"href":"https:\/\/blog.polityka.pl\/adamczewski\/wp-json\/wp\/v2\/users\/2"}],"replies":[{"embeddable":true,"href":"https:\/\/blog.polityka.pl\/adamczewski\/wp-json\/wp\/v2\/comments?post=1736"}],"version-history":[{"count":0,"href":"https:\/\/blog.polityka.pl\/adamczewski\/wp-json\/wp\/v2\/posts\/1736\/revisions"}],"wp:attachment":[{"href":"https:\/\/blog.polityka.pl\/adamczewski\/wp-json\/wp\/v2\/media?parent=1736"}],"wp:term":[{"taxonomy":"category","embeddable":true,"href":"https:\/\/blog.polityka.pl\/adamczewski\/wp-json\/wp\/v2\/categories?post=1736"},{"taxonomy":"post_tag","embeddable":true,"href":"https:\/\/blog.polityka.pl\/adamczewski\/wp-json\/wp\/v2\/tags?post=1736"}],"curies":[{"name":"wp","href":"https:\/\/api.w.org\/{rel}","templated":true}]}}