
{"id":174,"date":"2007-03-21T08:00:54","date_gmt":"2007-03-21T07:00:54","guid":{"rendered":"http:\/\/adamczewski.blog.polityka.pl\/?p=174"},"modified":"2007-03-20T21:09:35","modified_gmt":"2007-03-20T20:09:35","slug":"zgadnij-co-gotujemy32","status":"publish","type":"post","link":"https:\/\/blog.polityka.pl\/adamczewski\/2007\/03\/21\/zgadnij-co-gotujemy32\/","title":{"rendered":"Zgadnij co gotujemy?(32)"},"content":{"rendered":"<p>Tym razem zwyci\u0119zca quizu b\u0119dzie musia\u0142 wykaza\u0107 si\u0119 cierpliwo\u015bci\u0105. O wynikach poinformuje bowiem w kolejnym tygodniu gdy b\u0119d\u0119 ju\u017c Warszawie. Teraz wi\u0119c prosz\u0119 rozwi\u0105za\u0107 trzy zagadki i wys\u0142a\u0107 odpowiedzi na sta\u0142y adres czyli <a href=\"mailto:internet@polityka.com.pl\">internet@polityka.com.pl<\/a><\/p>\n<p>Kto pierwszy (a licz\u0105 si\u0119 sekundy rejestrowane przez komputer) przy\u015ble prawid\u0142owe odpowiedzi otrzyma &#8222;Kuchni\u0119 polsk\u0105 na nowo odkryt\u0105&#8221; pi\u00f3ra Barbary Adamczewskiej z autografami nas obydwojga i mi\u0142\u0105 dedykacj\u0105. Dzi\u015b zajmiemy si\u0119 napojeniem spragnionego. No to do roboty.<\/p>\n<p>1. Co to jest kruszon?<br \/>\n2. Poncz to nap\u00f3j niezbyt w Polsce popularny, a z czego si\u0119 sk\u0142ada?<br \/>\n3. Sangria to kompot z gruszek czy co innego?<\/p>\n<p>Je\u015bli sami nie pili\u015bcie tego wszystkiego, to trzeba si\u0119gn\u0105\u0107 po pomoc do encyklopedii. Mo\u017ce to by\u0107 Encyklopedia sztuki kulinarnej.<\/p>\n","protected":false},"excerpt":{"rendered":"<p>Tym razem zwyci\u0119zca quizu b\u0119dzie musia\u0142 wykaza\u0107 si\u0119 cierpliwo\u015bci\u0105. O wynikach poinformuje bowiem w kolejnym tygodniu gdy b\u0119d\u0119 ju\u017c Warszawie. Teraz wi\u0119c prosz\u0119 rozwi\u0105za\u0107 trzy zagadki i wys\u0142a\u0107 odpowiedzi na sta\u0142y adres czyli internet@polityka.com.pl Kto pierwszy (a licz\u0105 si\u0119 sekundy rejestrowane przez komputer) przy\u015ble prawid\u0142owe odpowiedzi otrzyma &#8222;Kuchni\u0119 polsk\u0105 na nowo odkryt\u0105&#8221; pi\u00f3ra Barbary Adamczewskiej [&hellip;]<\/p>\n","protected":false},"author":2,"featured_media":0,"comment_status":"open","ping_status":"open","sticky":false,"template":"","format":"standard","meta":{"footnotes":""},"categories":[1],"tags":[],"_links":{"self":[{"href":"https:\/\/blog.polityka.pl\/adamczewski\/wp-json\/wp\/v2\/posts\/174"}],"collection":[{"href":"https:\/\/blog.polityka.pl\/adamczewski\/wp-json\/wp\/v2\/posts"}],"about":[{"href":"https:\/\/blog.polityka.pl\/adamczewski\/wp-json\/wp\/v2\/types\/post"}],"author":[{"embeddable":true,"href":"https:\/\/blog.polityka.pl\/adamczewski\/wp-json\/wp\/v2\/users\/2"}],"replies":[{"embeddable":true,"href":"https:\/\/blog.polityka.pl\/adamczewski\/wp-json\/wp\/v2\/comments?post=174"}],"version-history":[{"count":0,"href":"https:\/\/blog.polityka.pl\/adamczewski\/wp-json\/wp\/v2\/posts\/174\/revisions"}],"wp:attachment":[{"href":"https:\/\/blog.polityka.pl\/adamczewski\/wp-json\/wp\/v2\/media?parent=174"}],"wp:term":[{"taxonomy":"category","embeddable":true,"href":"https:\/\/blog.polityka.pl\/adamczewski\/wp-json\/wp\/v2\/categories?post=174"},{"taxonomy":"post_tag","embeddable":true,"href":"https:\/\/blog.polityka.pl\/adamczewski\/wp-json\/wp\/v2\/tags?post=174"}],"curies":[{"name":"wp","href":"https:\/\/api.w.org\/{rel}","templated":true}]}}