
{"id":1742,"date":"2010-05-25T08:00:15","date_gmt":"2010-05-25T06:00:15","guid":{"rendered":"http:\/\/adamczewski.blog.polityka.pl\/?p=1742"},"modified":"2010-05-24T10:35:55","modified_gmt":"2010-05-24T08:35:55","slug":"krotkie-rozstanie","status":"publish","type":"post","link":"https:\/\/blog.polityka.pl\/adamczewski\/2010\/05\/25\/krotkie-rozstanie\/","title":{"rendered":"Kr\u00f3tkie rozstanie"},"content":{"rendered":"<p>W\u0142a\u015bnie m\u00f3j samolot odrywa si\u0119 od pasa startowego na Ok\u0119ciu i wzlatuje w ob\u0142oki, kieruj\u0105c si\u0119 na p\u00f3\u0142nocny zach\u00f3d. Lecimy z Basi\u0105 w kierunku paskudnego wulkanu ale mamy nadziej\u0119, \u017ce si\u0119 nas wystraszy i zamilknie na kolejne sto lat.<br \/>\nPodr\u00f3\u017c t\u0119 oczywi\u015bcie opisz\u0119. Ale dopiero po powrocie, cho\u0107 znam reporter\u00f3w przysy\u0142aj\u0105cych wstrz\u0105saj\u0105ce relacje z podr\u00f3\u017cy, cho\u0107 nie ruszali si\u0119 na krok zza domowego biurka. My takiej reporterki nie uznajemy. Zw\u0142aszcza gdy w\u0119drujemy w poszukiwaniu nowych smak\u00f3w.<br \/>\nZostawiam blog pod kontrol\u0105. A czyj\u0105 to oczywi\u015bcie wiecie. Wracam za tydzie\u0144. Nie m\u00f3g\u0142bym zaniedba\u0107 swoich obowi\u0105zk\u00f3w. Zape\u0142ni\u0142em wi\u0119c komputer\u00a0 tek\u015bcikami ( w tym jest i zgadywanka), kt\u00f3re same b\u0119d\u0105 wyskakiwa\u0107 z puszki. Nie liczcie wi\u0119c na moje riposty b\u0105d\u017a t\u0142umaczenia. Mnie po prostu tu nie ma. A gdzie jestem? Sami sobie wymy\u015blajcie tras\u0119 naszych lot\u00f3w, w\u0119dr\u00f3wek i rejs\u00f3w.<br \/>\nNa os\u0142od\u0119 wi\u0119c par\u0119 fotek i do zobaczenia.<\/p>\n<p><img loading=\"lazy\" decoding=\"async\" class=\"aligncenter size-medium wp-image-1743\" title=\"zimne-nozki-w-galarecie-pc040003\" src=\"\/wp-content\/uploads\/2010\/05\/zimne-nozki-w-galarecie-pc040003-300x225.jpg\" alt=\"\" width=\"300\" height=\"225\" srcset=\"\/adamczewski\/wp-content\/uploads\/2010\/05\/zimne-nozki-w-galarecie-pc040003-300x225.jpg 300w, \/adamczewski\/wp-content\/uploads\/2010\/05\/zimne-nozki-w-galarecie-pc040003.jpg 640w\" sizes=\"(max-width: 300px) 100vw, 300px\" \/><\/p>\n<p><em>Zimne n\u00f3\u017cki w galarecie<\/em><\/p>\n<p><img loading=\"lazy\" decoding=\"async\" class=\"aligncenter size-medium wp-image-1744\" title=\"zupa-z-patatow-p1300003\" src=\"\/wp-content\/uploads\/2010\/05\/zupa-z-patatow-p1300003-300x225.jpg\" alt=\"\" width=\"300\" height=\"225\" srcset=\"\/adamczewski\/wp-content\/uploads\/2010\/05\/zupa-z-patatow-p1300003-300x225.jpg 300w, \/adamczewski\/wp-content\/uploads\/2010\/05\/zupa-z-patatow-p1300003.jpg 640w\" sizes=\"(max-width: 300px) 100vw, 300px\" \/><\/p>\n<p><em>Zupa z patat\u00f3w z imbirem i kropla \u015bmietany<\/em><\/p>\n<p>\u00a0<img loading=\"lazy\" decoding=\"async\" class=\"aligncenter size-medium wp-image-1745\" title=\"zeberka-po-p2150022\" src=\"\/wp-content\/uploads\/2010\/05\/zeberka-po-p2150022-300x225.jpg\" alt=\"\" width=\"300\" height=\"225\" srcset=\"\/adamczewski\/wp-content\/uploads\/2010\/05\/zeberka-po-p2150022-300x225.jpg 300w, \/adamczewski\/wp-content\/uploads\/2010\/05\/zeberka-po-p2150022.jpg 640w\" sizes=\"(max-width: 300px) 100vw, 300px\" \/><\/p>\n<p><em>\u017beberka jagni\u0119ce z grilla<\/em><\/p>\n<p><img loading=\"lazy\" decoding=\"async\" class=\"aligncenter size-medium wp-image-1746\" title=\"tort-marcellodscn0541\" src=\"\/wp-content\/uploads\/2010\/05\/tort-marcellodscn0541-300x225.jpg\" alt=\"\" width=\"300\" height=\"225\" srcset=\"\/adamczewski\/wp-content\/uploads\/2010\/05\/tort-marcellodscn0541-300x225.jpg 300w, \/adamczewski\/wp-content\/uploads\/2010\/05\/tort-marcellodscn0541.jpg 640w\" sizes=\"(max-width: 300px) 100vw, 300px\" \/><\/p>\n<p><em>Tort marcello ko\u0144czy ten obiad<\/em><\/p>\n<p>\u00a0<\/p>\n","protected":false},"excerpt":{"rendered":"<p>W\u0142a\u015bnie m\u00f3j samolot odrywa si\u0119 od pasa startowego na Ok\u0119ciu i wzlatuje w ob\u0142oki, kieruj\u0105c si\u0119 na p\u00f3\u0142nocny zach\u00f3d. Lecimy z Basi\u0105 w kierunku paskudnego wulkanu ale mamy nadziej\u0119, \u017ce si\u0119 nas wystraszy i zamilknie na kolejne sto lat. Podr\u00f3\u017c t\u0119 oczywi\u015bcie opisz\u0119. Ale dopiero po powrocie, cho\u0107 znam reporter\u00f3w przysy\u0142aj\u0105cych wstrz\u0105saj\u0105ce relacje z podr\u00f3\u017cy, [&hellip;]<\/p>\n","protected":false},"author":2,"featured_media":0,"comment_status":"open","ping_status":"open","sticky":false,"template":"","format":"standard","meta":{"footnotes":""},"categories":[1],"tags":[],"_links":{"self":[{"href":"https:\/\/blog.polityka.pl\/adamczewski\/wp-json\/wp\/v2\/posts\/1742"}],"collection":[{"href":"https:\/\/blog.polityka.pl\/adamczewski\/wp-json\/wp\/v2\/posts"}],"about":[{"href":"https:\/\/blog.polityka.pl\/adamczewski\/wp-json\/wp\/v2\/types\/post"}],"author":[{"embeddable":true,"href":"https:\/\/blog.polityka.pl\/adamczewski\/wp-json\/wp\/v2\/users\/2"}],"replies":[{"embeddable":true,"href":"https:\/\/blog.polityka.pl\/adamczewski\/wp-json\/wp\/v2\/comments?post=1742"}],"version-history":[{"count":0,"href":"https:\/\/blog.polityka.pl\/adamczewski\/wp-json\/wp\/v2\/posts\/1742\/revisions"}],"wp:attachment":[{"href":"https:\/\/blog.polityka.pl\/adamczewski\/wp-json\/wp\/v2\/media?parent=1742"}],"wp:term":[{"taxonomy":"category","embeddable":true,"href":"https:\/\/blog.polityka.pl\/adamczewski\/wp-json\/wp\/v2\/categories?post=1742"},{"taxonomy":"post_tag","embeddable":true,"href":"https:\/\/blog.polityka.pl\/adamczewski\/wp-json\/wp\/v2\/tags?post=1742"}],"curies":[{"name":"wp","href":"https:\/\/api.w.org\/{rel}","templated":true}]}}