
{"id":1747,"date":"2010-05-26T08:00:10","date_gmt":"2010-05-26T06:00:10","guid":{"rendered":"http:\/\/adamczewski.blog.polityka.pl\/?p=1747"},"modified":"2010-05-24T10:37:12","modified_gmt":"2010-05-24T08:37:12","slug":"zgadnij-co-gotujemy38-b","status":"publish","type":"post","link":"https:\/\/blog.polityka.pl\/adamczewski\/2010\/05\/26\/zgadnij-co-gotujemy38-b\/","title":{"rendered":"Zgadnij co gotujemy?(38 B)"},"content":{"rendered":"<p>Jako \u017ce mnie nie ma, to rezultat zabawy b\u0119dzie og\u0142oszony dopiero w kolejnym tygodniu. W\u00f3wczas te\u017c ujawni\u0119 te\u017c i nagrod\u0119, kt\u00f3ra\u00a0&#8211; by\u0107 mo\u017ce\u00a0&#8211; b\u0119dzie przywieziona z daleka.<\/p>\n<p>Tymczasem wi\u0119c wyt\u0119\u017ccie szare kom\u00f3rki i odpowiedzcie na trzy pytania. A potem wy\u015blijcie\u00a0&#8211; prosz\u0119\u00a0&#8211; odpowiedzi tam gdzie zwykle : <a href=\"mailto:internet@polityka.com.pl\">internet@polityka.com.pl<\/a><\/p>\n<p>1\u00a0&#8211; Kto to by\u0142 Curnonsky i czy by\u0142 naszym rodakiem?<\/p>\n<p>2\u00a0&#8211; Gotowa\u0142 ministrowi Napoleona, rosyjskiemu carowi i jednemu ze s\u0142ynnych bojar\u00f3w, zostawi\u0142 po sobie gor\u0105c\u0105 przek\u0105sk\u0119 podawan\u0105 do dzi\u015b na bankietach niemal na ca\u0142ym \u015bwiecie; o kogo chodzi?<\/p>\n<p>3\u00a0&#8211; By\u0142 kucharzem rodziny Potockich w Krzeszowicach, pozostawi\u0142 po sobie mn\u00f3stwo przepis\u00f3w, jego potomkowie \u017cyj\u0105 do dzi\u015b, cho\u0107 \u017caden nie kontynuuje dzie\u0142a pradziada; jak si\u0119 nazywa\u0142 ten mistrz patelni?<\/p>\n<p>I to wszystko. Teraz pora na napisanie i wys\u0142anie odpowiedzi. A potem cierpliwe czekanie a\u017c wulkan pozwoli mi wr\u00f3ci\u0107 na ojczyzny \u0142ono.<\/p>\n<p>\u00a0<\/p>\n<p>\u00a0<\/p>\n","protected":false},"excerpt":{"rendered":"<p>Jako \u017ce mnie nie ma, to rezultat zabawy b\u0119dzie og\u0142oszony dopiero w kolejnym tygodniu. W\u00f3wczas te\u017c ujawni\u0119 te\u017c i nagrod\u0119, kt\u00f3ra\u00a0&#8211; by\u0107 mo\u017ce\u00a0&#8211; b\u0119dzie przywieziona z daleka. Tymczasem wi\u0119c wyt\u0119\u017ccie szare kom\u00f3rki i odpowiedzcie na trzy pytania. A potem wy\u015blijcie\u00a0&#8211; prosz\u0119\u00a0&#8211; odpowiedzi tam gdzie zwykle : internet@polityka.com.pl 1\u00a0&#8211; Kto to by\u0142 Curnonsky i czy by\u0142 [&hellip;]<\/p>\n","protected":false},"author":2,"featured_media":0,"comment_status":"open","ping_status":"open","sticky":false,"template":"","format":"standard","meta":{"footnotes":""},"categories":[1],"tags":[],"_links":{"self":[{"href":"https:\/\/blog.polityka.pl\/adamczewski\/wp-json\/wp\/v2\/posts\/1747"}],"collection":[{"href":"https:\/\/blog.polityka.pl\/adamczewski\/wp-json\/wp\/v2\/posts"}],"about":[{"href":"https:\/\/blog.polityka.pl\/adamczewski\/wp-json\/wp\/v2\/types\/post"}],"author":[{"embeddable":true,"href":"https:\/\/blog.polityka.pl\/adamczewski\/wp-json\/wp\/v2\/users\/2"}],"replies":[{"embeddable":true,"href":"https:\/\/blog.polityka.pl\/adamczewski\/wp-json\/wp\/v2\/comments?post=1747"}],"version-history":[{"count":0,"href":"https:\/\/blog.polityka.pl\/adamczewski\/wp-json\/wp\/v2\/posts\/1747\/revisions"}],"wp:attachment":[{"href":"https:\/\/blog.polityka.pl\/adamczewski\/wp-json\/wp\/v2\/media?parent=1747"}],"wp:term":[{"taxonomy":"category","embeddable":true,"href":"https:\/\/blog.polityka.pl\/adamczewski\/wp-json\/wp\/v2\/categories?post=1747"},{"taxonomy":"post_tag","embeddable":true,"href":"https:\/\/blog.polityka.pl\/adamczewski\/wp-json\/wp\/v2\/tags?post=1747"}],"curies":[{"name":"wp","href":"https:\/\/api.w.org\/{rel}","templated":true}]}}