
{"id":1749,"date":"2010-05-27T08:00:20","date_gmt":"2010-05-27T06:00:20","guid":{"rendered":"http:\/\/adamczewski.blog.polityka.pl\/?p=1749"},"modified":"2010-05-24T10:40:29","modified_gmt":"2010-05-24T08:40:29","slug":"tajne-spotkanie-pod-zburzona-moskwa","status":"publish","type":"post","link":"https:\/\/blog.polityka.pl\/adamczewski\/2010\/05\/27\/tajne-spotkanie-pod-zburzona-moskwa\/","title":{"rendered":"Tajne spotkanie pod  zburzon\u0105 Moskw\u0105"},"content":{"rendered":"<p>\u00a0<\/p>\n<p>Po raz pierwszy w naszym blogu dojdzie do ujawnienia tajemnicy. Pod zburzon\u0105 (przed wieloma laty znikn\u0119\u0142o to warszawskie kino) &#8222;Moskw\u0105&#8221; odby\u0142o si\u0119 sekretne spotkanie spiskowc\u00f3w z wielu kraj\u00f3w a nawet kontynent\u00f3w.<\/p>\n<p>W restauracji &#8222;R\u00f3\u017cana&#8221;, \u00a0tej Mekce smakoszy,\u00a0 odby\u0142o si\u0119 spotkanie, a mo\u017ce nawet Zjazd, kilkunastu emisariuszy z Kanady, Francji, Meksyku i r\u00f3\u017cnych stron Polski. Wszyscy oni zajmowali si\u0119 g\u0142\u00f3wnie jedzeniem oraz piciem a tak\u017ce plotkowaniem o tych, kt\u00f3rych nie by\u0142o.<\/p>\n<p>Zjazd przygotowa\u0142 grunt pod program dzi\u0119ki kt\u00f3remu blog &#8222;Gotuj si\u0119!&#8221; przejmie w\u0142adz\u0119 (na razie duchow\u0105) nad wszystkimi lud\u017ami o dobrych charakterach, silnym poczuciu humoru, wielkiej tolerancji dla ludzkich wad (z wyj\u0105tkiem g\u0142upoty i chamstwa), sk\u0142onno\u015bciach do tycia lub (jak kto woli) odchudzania, znawc\u00f3w kuchni, trunk\u00f3w i mi\u0142o\u015bci.<\/p>\n<p>Tak, teraz wierz\u0119, \u017ce \u015bwiat do nas nale\u017cy. Zrozumia\u0142a to ju\u017c Warszawa sk\u0142adaj\u0105c ho\u0142d za\u0142o\u017cycielom nowej Mi\u0119dzynarod\u00f3wki Prawdziwych Smakoszy, podejmuj\u0105c ich w jednej z najlepszych restauracji miasta.<br \/>\nNie b\u0119d\u0119 opisywa\u0142 da\u0144 i win, kt\u00f3re pad\u0142y \u0142upem wyg\u0142odnia\u0142ych zjazdowicz\u00f3w, bo kto ciekawy to mo\u017ce zajrze\u0107 na internetow\u0105 stron\u0119 &#8222;R\u00f3\u017canej&#8221; i b\u0119dzie wiedzia\u0142 co by\u0142o grane. Powiem tylko, \u017ce obiad trwa\u0142 ponad trzy godziny i nikt si\u0119 nie nudzi\u0142 mimo, i\u017c ka\u017cdy m\u00f3g\u0142 doj\u015b\u0107 do g\u0142osu. M\u00f3wiono w kilku j\u0119zykach naraz ale w ka\u017cdym smacznie. Tematy by\u0142y zr\u00f3\u017cnicowane i zale\u017ca\u0142y od punktu siedzenie czyli od miejsca przy d\u0142ugim na 14 os\u00f3b stole.<\/p>\n<p>Jedynym daniem, kt\u00f3re by\u0142o wsp\u00f3lne dla niemal wszystkich\u00a0 by\u0142 tort daktylowy. To tort bij\u0105cy na \u0142eb (czy raczej na pysk) wszystkie inne torty \u015bwiata.<\/p>\n<p>Potem nast\u0105pi\u0142 atak na Star\u00f3wk\u0119, w kt\u00f3rym wzi\u0119\u0142y udzia\u0142 odwody czyli ariergarda &#8222;Gotuj si\u0119!&#8221; w czasie, gdy zasadnicza grupa odwozi\u0142a zm\u0119czon\u0105 awangard\u0119 do koszar zwanych dla niepoznaki hotelem &#8222;Maria&#8221; (ach jakie\u017c pyszne tam \u015bniadania\u00a0&#8211; wykrzykiwa\u0142a awangarda).<\/p>\n<p>Teraz, gdy chronologia nie gra ju\u017c \u017cadnej roli, opowiem w dw\u00f3ch zdaniach o wst\u0119pnym zgromadzeniu, kt\u00f3re odby\u0142o si\u0119 dnia poprzedniego w schronie na Mokotowie, na ty\u0142ach Komendy G\u0142\u00f3wnej Policji, bo jak wiadomo najciemniej jest pod latarni\u0105. W tym spotkaniu w w\u0105skim gronie uczestniczy\u0142a delegatka Kanady spiskuj\u0105ca z delegatk\u0105 Kurpi\u00f3w. To tam ustalono program wdro\u017cony w \u017cycie dnia nast\u0119pnego. I tam spiskowcy jedli, pili i plotkowali. A wszystko to wygl\u0105da\u0142o tak:<\/p>\n<p><img loading=\"lazy\" decoding=\"async\" class=\"aligncenter size-medium wp-image-1750\" title=\"alain-w-rozanej-p5220002\" src=\"\/wp-content\/uploads\/2010\/05\/alain-w-rozanej-p5220002-300x225.jpg\" alt=\"\" width=\"300\" height=\"225\" srcset=\"\/adamczewski\/wp-content\/uploads\/2010\/05\/alain-w-rozanej-p5220002-300x225.jpg 300w, \/adamczewski\/wp-content\/uploads\/2010\/05\/alain-w-rozanej-p5220002.jpg 640w\" sizes=\"(max-width: 300px) 100vw, 300px\" \/><\/p>\n<p><em>Alain ju\u017c wie co zam\u00f3wi, przed nim Danu\u015bka, za nim Alina<\/em><\/p>\n<p><em><img loading=\"lazy\" decoding=\"async\" class=\"aligncenter size-medium wp-image-1751\" title=\"a-la-rozana-p5220007\" src=\"\/wp-content\/uploads\/2010\/05\/a-la-rozana-p5220007-300x225.jpg\" alt=\"\" width=\"300\" height=\"225\" srcset=\"\/adamczewski\/wp-content\/uploads\/2010\/05\/a-la-rozana-p5220007-300x225.jpg 300w, \/adamczewski\/wp-content\/uploads\/2010\/05\/a-la-rozana-p5220007.jpg 640w\" sizes=\"(max-width: 300px) 100vw, 300px\" \/><\/em><\/p>\n<p><em>Z lewej Zgaga ( w czerwonym), z prawej Ma\u0142gosia W. (w czarnym) a za ni\u0105 W\u0142odek<\/em><\/p>\n<p><img loading=\"lazy\" decoding=\"async\" class=\"aligncenter size-medium wp-image-1752\" title=\"a-to-nisia\" src=\"\/wp-content\/uploads\/2010\/05\/a-to-nisia-300x225.jpg\" alt=\"\" width=\"300\" height=\"225\" srcset=\"\/adamczewski\/wp-content\/uploads\/2010\/05\/a-to-nisia-300x225.jpg 300w, \/adamczewski\/wp-content\/uploads\/2010\/05\/a-to-nisia.jpg 640w\" sizes=\"(max-width: 300px) 100vw, 300px\" \/><\/p>\n<p><em>Nisia na tle tort\u00f3w i lewkonii<\/em><\/p>\n<p><img loading=\"lazy\" decoding=\"async\" class=\"aligncenter size-medium wp-image-1753\" title=\"a-to-barbara-i-krystyna-nad-tortami-p5220011\" src=\"\/wp-content\/uploads\/2010\/05\/a-to-barbara-i-krystyna-nad-tortami-p5220011-300x225.jpg\" alt=\"\" width=\"300\" height=\"225\" srcset=\"\/adamczewski\/wp-content\/uploads\/2010\/05\/a-to-barbara-i-krystyna-nad-tortami-p5220011-300x225.jpg 300w, \/adamczewski\/wp-content\/uploads\/2010\/05\/a-to-barbara-i-krystyna-nad-tortami-p5220011.jpg 640w\" sizes=\"(max-width: 300px) 100vw, 300px\" \/><\/p>\n<p><em>Barbara i Krystyna modl\u0105 si\u0119 nad tortami\u00a0 o apetyt<\/em><\/p>\n<p><em><img loading=\"lazy\" decoding=\"async\" class=\"aligncenter size-medium wp-image-1755\" title=\"alicja-i-basia-przy-szparagach-p5210012\" src=\"\/wp-content\/uploads\/2010\/05\/alicja-i-basia-przy-szparagach-p5210012-300x225.jpg\" alt=\"\" width=\"300\" height=\"225\" srcset=\"\/adamczewski\/wp-content\/uploads\/2010\/05\/alicja-i-basia-przy-szparagach-p5210012-300x225.jpg 300w, \/adamczewski\/wp-content\/uploads\/2010\/05\/alicja-i-basia-przy-szparagach-p5210012.jpg 640w\" sizes=\"(max-width: 300px) 100vw, 300px\" \/><\/em><\/p>\n<p><em>Barbara i Alicja nad szparagami <\/em><\/p>\n<p><em><img loading=\"lazy\" decoding=\"async\" class=\"aligncenter size-medium wp-image-1754\" title=\"alicja-i-deser-p5210014\" src=\"\/wp-content\/uploads\/2010\/05\/alicja-i-deser-p5210014-300x225.jpg\" alt=\"\" width=\"300\" height=\"225\" srcset=\"\/adamczewski\/wp-content\/uploads\/2010\/05\/alicja-i-deser-p5210014-300x225.jpg 300w, \/adamczewski\/wp-content\/uploads\/2010\/05\/alicja-i-deser-p5210014.jpg 640w\" sizes=\"(max-width: 300px) 100vw, 300px\" \/><\/em><\/p>\n<p><em>Alicja przy deserze truskawkowo-imbirowym<\/em><\/p>\n<p>\u00a0<\/p>\n","protected":false},"excerpt":{"rendered":"<p>\u00a0 Po raz pierwszy w naszym blogu dojdzie do ujawnienia tajemnicy. Pod zburzon\u0105 (przed wieloma laty znikn\u0119\u0142o to warszawskie kino) &#8222;Moskw\u0105&#8221; odby\u0142o si\u0119 sekretne spotkanie spiskowc\u00f3w z wielu kraj\u00f3w a nawet kontynent\u00f3w. W restauracji &#8222;R\u00f3\u017cana&#8221;, \u00a0tej Mekce smakoszy,\u00a0 odby\u0142o si\u0119 spotkanie, a mo\u017ce nawet Zjazd, kilkunastu emisariuszy z Kanady, Francji, Meksyku i r\u00f3\u017cnych stron Polski. [&hellip;]<\/p>\n","protected":false},"author":2,"featured_media":0,"comment_status":"open","ping_status":"open","sticky":false,"template":"","format":"standard","meta":{"footnotes":""},"categories":[1],"tags":[],"_links":{"self":[{"href":"https:\/\/blog.polityka.pl\/adamczewski\/wp-json\/wp\/v2\/posts\/1749"}],"collection":[{"href":"https:\/\/blog.polityka.pl\/adamczewski\/wp-json\/wp\/v2\/posts"}],"about":[{"href":"https:\/\/blog.polityka.pl\/adamczewski\/wp-json\/wp\/v2\/types\/post"}],"author":[{"embeddable":true,"href":"https:\/\/blog.polityka.pl\/adamczewski\/wp-json\/wp\/v2\/users\/2"}],"replies":[{"embeddable":true,"href":"https:\/\/blog.polityka.pl\/adamczewski\/wp-json\/wp\/v2\/comments?post=1749"}],"version-history":[{"count":0,"href":"https:\/\/blog.polityka.pl\/adamczewski\/wp-json\/wp\/v2\/posts\/1749\/revisions"}],"wp:attachment":[{"href":"https:\/\/blog.polityka.pl\/adamczewski\/wp-json\/wp\/v2\/media?parent=1749"}],"wp:term":[{"taxonomy":"category","embeddable":true,"href":"https:\/\/blog.polityka.pl\/adamczewski\/wp-json\/wp\/v2\/categories?post=1749"},{"taxonomy":"post_tag","embeddable":true,"href":"https:\/\/blog.polityka.pl\/adamczewski\/wp-json\/wp\/v2\/tags?post=1749"}],"curies":[{"name":"wp","href":"https:\/\/api.w.org\/{rel}","templated":true}]}}