
{"id":1762,"date":"2010-06-01T08:00:29","date_gmt":"2010-06-01T06:00:29","guid":{"rendered":"http:\/\/adamczewski.blog.polityka.pl\/?p=1762"},"modified":"2010-05-31T15:47:22","modified_gmt":"2010-05-31T13:47:22","slug":"podroz-do-kresu-nocy","status":"publish","type":"post","link":"https:\/\/blog.polityka.pl\/adamczewski\/2010\/06\/01\/podroz-do-kresu-nocy\/","title":{"rendered":"Podr\u00f3\u017c do kresu nocy"},"content":{"rendered":"<p>To nie by\u0142o \u0142atwe do\u015bwiadczenie. Prawd\u0119 m\u00f3wi\u0105c jeszcze czuj\u0119 jego skutki. Mam k\u0142opoty z za\u015bni\u0119ciem czego dot\u0105d nie do\u015bwiadcza\u0142em. Dopad\u0142o mnie to trzeciego dnia pobytu za ko\u0142em polarnym. Bia\u0142e noce zaskoczy\u0142y\u00a0 sw\u0105 jaskrawo\u015bci\u0105 i intensywno\u015bci\u0105. Wyobra\u017ca\u0142em sobie bowiem, \u017ce w kt\u00f3rym\u015b momencie &#8211;\u00a0 cho\u0107by nad ranem\u00a0&#8211; s\u0142o\u0144ce schowa si\u0119 za horyzont i b\u0119dzie cho\u0107 kr\u00f3tko zmrok. Tymczasem z\u0142ota kula s\u0142o\u0144ca tkwi\u0142a nad g\u0142ow\u0105 przez ca\u0142a dob\u0119. A wszystkie sypialnie zaopatrzone\u00a0by\u0142y w podgumowane zas\u0142ony, by udaremni\u0107 promieniom wej\u015bcie do domu.<\/p>\n<p>Cz\u0142owiek niedo\u015bwiadczony traci po kilkudziesi\u0119ciu godzinach orientacj\u0119 jaka\u00a0jest teraz\u00a0cz\u0119\u015b\u0107 doby. Powoduje to nie tylko dezorientacj\u0119 ale i zm\u0119czenie fizyczne.<\/p>\n<p><img loading=\"lazy\" decoding=\"async\" class=\"aligncenter size-medium wp-image-1763\" title=\"norwegia-rejs-p5260015\" src=\"\/wp-content\/uploads\/2010\/05\/norwegia-rejs-p5260015-300x225.jpg\" alt=\"\" width=\"300\" height=\"225\" srcset=\"\/adamczewski\/wp-content\/uploads\/2010\/05\/norwegia-rejs-p5260015-300x225.jpg 300w, \/adamczewski\/wp-content\/uploads\/2010\/05\/norwegia-rejs-p5260015.jpg 640w\" sizes=\"(max-width: 300px) 100vw, 300px\" \/><\/p>\n<p><em>Na pok\u0142adzie statku &#8222;Kung Harald&#8221;<\/em><\/p>\n<p>I to by\u0142 jedyny, acz dokuczliwy, element wyprawy. Reszta to nieustaj\u0105cy ci\u0105g atrakcji. Widok fiord\u00f3w, stada renifer\u00f3w, rzeki pe\u0142ne ryb, rejsy po morzu, wizyta w namiocie (laavo) Sam\u00f3w po\u0142\u0105czony z obiadem z renifera, wizyty w fabrykach przetw\u00f3rstwa rybnego i hodowlach \u0142ososi oraz dorszy\u00a0&#8211; wszystko to wzbudza\u0142o zachwyt. O \u015bniadaniach, obiadach i kolacjach b\u0119d\u0119 jeszcze niejednokrotnie opowiada\u0142. No i o spotkaniach z wybitnymi kucharzami. Zar\u00f3wno miejscowymi jak i przyjezdnymi, kt\u00f3rzy prezentowali nam sw\u00f3j kunszt i starali si\u0119 zaszczepi\u0107 mi\u0142o\u015b\u0107 czy m\u00f3wi\u0105c bez zb\u0119dnej emfazy apetyt na ryby.<\/p>\n<p>Podr\u00f3\u017cowali\u015bmy g\u0142\u00f3wnie samolotami. Podczas pi\u0119ciu dni odbyli\u015bmy 15 start\u00f3w i l\u0105dowa\u0144. Niekt\u00f3re loty trwa\u0142y zaledwie kwadrans czyli przelot z osady do osady wraz z dzie\u0107mi wracaj\u0105cymi ze szko\u0142y czy babciami wioz\u0105cymi \u015bwie\u017ce zapasy do spi\u017carni.<\/p>\n<p><img loading=\"lazy\" decoding=\"async\" class=\"aligncenter size-medium wp-image-1764\" title=\"norwegia-suszace-sie-ryby-p5260022\" src=\"\/wp-content\/uploads\/2010\/05\/norwegia-suszace-sie-ryby-p5260022-300x225.jpg\" alt=\"\" width=\"300\" height=\"225\" srcset=\"\/adamczewski\/wp-content\/uploads\/2010\/05\/norwegia-suszace-sie-ryby-p5260022-300x225.jpg 300w, \/adamczewski\/wp-content\/uploads\/2010\/05\/norwegia-suszace-sie-ryby-p5260022.jpg 640w\" sizes=\"(max-width: 300px) 100vw, 300px\" \/><\/p>\n<p><em>Pod dachami domk\u00f3w w Hummerfest susz\u0105 si\u0119 ryby a nie skarpetki<\/em><\/p>\n<p>Byli\u015bmy na Nord Cap czyli na przyl\u0105dku najdalej wysuni\u0119tym na p\u00f3\u0142noc naszego kontynentu. Odwiedzili\u015bmy te\u017c miasteczko na kra\u0144cu Europy zamieszkane przez rybak\u00f3w \u0142owi\u0105cych w Morzy Barentsa. Dalej by\u0142 tylko l\u00f3d a za nim Murma\u0144sk. Tam ju\u017c nie dotarli\u015bmy.<\/p>\n<p><img loading=\"lazy\" decoding=\"async\" class=\"aligncenter size-medium wp-image-1765\" title=\"norwegia-krab-krolewski-p5260084\" src=\"\/wp-content\/uploads\/2010\/05\/norwegia-krab-krolewski-p5260084-300x225.jpg\" alt=\"\" width=\"300\" height=\"225\" srcset=\"\/adamczewski\/wp-content\/uploads\/2010\/05\/norwegia-krab-krolewski-p5260084-300x225.jpg 300w, \/adamczewski\/wp-content\/uploads\/2010\/05\/norwegia-krab-krolewski-p5260084.jpg 640w\" sizes=\"(max-width: 300px) 100vw, 300px\" \/><\/p>\n<p><em>W przetw\u00f3rni Tobo Fisk s\u0105 taaakie kraby kr\u00f3lewskie<\/em><\/p>\n<p>Na koniec tej pierwszej i kr\u00f3tkiej (naprawd\u0119 z powodu zm\u0119czenia autora) relacji wspomn\u0119 tylko co jedli\u015bmy. By\u0142y wi\u0119c r\u00f3\u017cne dania z renifera, \u0142oso\u015b na wiele sposob\u00f3w, dorsz, z\u0119bacz smugowy, czerniak, makrela, krab, krewetki i&#8230; \u00a0mi\u0119so wieloryba (s\u0105 kwoty po\u0142owowe i Norwegia w nich partycypuje). Na deser moroszki.<\/p>\n<p>B\u0119dziecie mogli si\u0119 oblizywa\u0107 ze smakiem. Albo te\u017c tam\u00a0 si\u0119 wybra\u0107. Dotyczy to zw\u0142aszcza w\u0119dkarzy, dla kt\u00f3rych Norwegia to istny raj.<\/p>\n<p>I to tyle na pocz\u0105tek. Teraz spr\u00f3buj\u0119 zasn\u0105\u0107 i wr\u00f3ci\u0107 we \u015bnie do r\u00f3wnowagi.<\/p>\n<p>\u00a0<\/p>\n","protected":false},"excerpt":{"rendered":"<p>To nie by\u0142o \u0142atwe do\u015bwiadczenie. Prawd\u0119 m\u00f3wi\u0105c jeszcze czuj\u0119 jego skutki. Mam k\u0142opoty z za\u015bni\u0119ciem czego dot\u0105d nie do\u015bwiadcza\u0142em. Dopad\u0142o mnie to trzeciego dnia pobytu za ko\u0142em polarnym. Bia\u0142e noce zaskoczy\u0142y\u00a0 sw\u0105 jaskrawo\u015bci\u0105 i intensywno\u015bci\u0105. Wyobra\u017ca\u0142em sobie bowiem, \u017ce w kt\u00f3rym\u015b momencie &#8211;\u00a0 cho\u0107by nad ranem\u00a0&#8211; s\u0142o\u0144ce schowa si\u0119 za horyzont i b\u0119dzie cho\u0107 kr\u00f3tko [&hellip;]<\/p>\n","protected":false},"author":2,"featured_media":0,"comment_status":"open","ping_status":"open","sticky":false,"template":"","format":"standard","meta":{"footnotes":""},"categories":[1],"tags":[],"_links":{"self":[{"href":"https:\/\/blog.polityka.pl\/adamczewski\/wp-json\/wp\/v2\/posts\/1762"}],"collection":[{"href":"https:\/\/blog.polityka.pl\/adamczewski\/wp-json\/wp\/v2\/posts"}],"about":[{"href":"https:\/\/blog.polityka.pl\/adamczewski\/wp-json\/wp\/v2\/types\/post"}],"author":[{"embeddable":true,"href":"https:\/\/blog.polityka.pl\/adamczewski\/wp-json\/wp\/v2\/users\/2"}],"replies":[{"embeddable":true,"href":"https:\/\/blog.polityka.pl\/adamczewski\/wp-json\/wp\/v2\/comments?post=1762"}],"version-history":[{"count":0,"href":"https:\/\/blog.polityka.pl\/adamczewski\/wp-json\/wp\/v2\/posts\/1762\/revisions"}],"wp:attachment":[{"href":"https:\/\/blog.polityka.pl\/adamczewski\/wp-json\/wp\/v2\/media?parent=1762"}],"wp:term":[{"taxonomy":"category","embeddable":true,"href":"https:\/\/blog.polityka.pl\/adamczewski\/wp-json\/wp\/v2\/categories?post=1762"},{"taxonomy":"post_tag","embeddable":true,"href":"https:\/\/blog.polityka.pl\/adamczewski\/wp-json\/wp\/v2\/tags?post=1762"}],"curies":[{"name":"wp","href":"https:\/\/api.w.org\/{rel}","templated":true}]}}