
{"id":1766,"date":"2010-06-02T08:00:27","date_gmt":"2010-06-02T06:00:27","guid":{"rendered":"http:\/\/adamczewski.blog.polityka.pl\/?p=1766"},"modified":"2010-05-31T18:09:06","modified_gmt":"2010-05-31T16:09:06","slug":"zgadnij-co-gotujemy39-b","status":"publish","type":"post","link":"https:\/\/blog.polityka.pl\/adamczewski\/2010\/06\/02\/zgadnij-co-gotujemy39-b\/","title":{"rendered":"Zgadnij co gotujemy?(39 B)"},"content":{"rendered":"<p><a href=\"\/wp-content\/uploads\/2010\/05\/kurczeta-po-polskudscn0395.jpg\"><img loading=\"lazy\" decoding=\"async\" class=\"aligncenter size-medium wp-image-1767\" title=\"kurczeta-po-polskudscn0395\" src=\"\/wp-content\/uploads\/2010\/05\/kurczeta-po-polskudscn0395-300x225.jpg\" alt=\"\" width=\"300\" height=\"225\" srcset=\"\/adamczewski\/wp-content\/uploads\/2010\/05\/kurczeta-po-polskudscn0395-300x225.jpg 300w, \/adamczewski\/wp-content\/uploads\/2010\/05\/kurczeta-po-polskudscn0395.jpg 640w\" sizes=\"(max-width: 300px) 100vw, 300px\" \/><\/a><\/p>\n<p><em>Kurcz\u0119ta po polsku<\/em><\/p>\n<p>Ruszamy do kolejnej zabawy. Tym razem nagrod\u0105 b\u0119dzie film kulinarny Jaimiego Olivera prezentowany w kanale Kuchnia TV a pokazuj\u0105cy ci\u0119\u017cki los kurczak\u00f3w. Ten brytyjski wybitny kucharz przejawia cz\u0119sto trosk\u0119 zar\u00f3wno o ludzi (akcja: sto\u0142\u00f3wki szkolne), jak i o zwierz\u0119ta trafiaj\u0105ce do naszych kuchni i na sto\u0142y.<\/p>\n<p>A oto dzisiejsze pytania:<\/p>\n<p>1\u00a0&#8211; Czym r\u00f3\u017cni si\u0119 kurczak po polsku od innych da\u0144 z tego ptaka?<\/p>\n<p>2\u00a0&#8211; Z kt\u00f3rej cz\u0119\u015bci kurczaka robi si\u0119 kotlet de volaille?<\/p>\n<p>3\u00a0&#8211; W starych ksi\u0105\u017ckach kucharskich cz\u0119sto wyst\u0119puj\u0105 przepisy na potrawy z kap\u0142ona lub pulardy; co to takiego?<\/p>\n<p>Na odpowiedzi jak zwykle czekam pod adresem <a href=\"mailto:Internet@polityka.com.pl\">Internet@polityka.com.pl<\/a><br \/>\nKto pierwszy przy\u015ble trzy prawid\u0142owe odpowiedzi ten b\u0119dzie cieszy\u0142 oko filmowymi poradami Jamiego. Czekam z niecierpliwo\u015bci\u0105!<\/p>\n","protected":false},"excerpt":{"rendered":"<p>Kurcz\u0119ta po polsku Ruszamy do kolejnej zabawy. Tym razem nagrod\u0105 b\u0119dzie film kulinarny Jaimiego Olivera prezentowany w kanale Kuchnia TV a pokazuj\u0105cy ci\u0119\u017cki los kurczak\u00f3w. Ten brytyjski wybitny kucharz przejawia cz\u0119sto trosk\u0119 zar\u00f3wno o ludzi (akcja: sto\u0142\u00f3wki szkolne), jak i o zwierz\u0119ta trafiaj\u0105ce do naszych kuchni i na sto\u0142y. A oto dzisiejsze pytania: 1\u00a0&#8211; Czym [&hellip;]<\/p>\n","protected":false},"author":2,"featured_media":0,"comment_status":"open","ping_status":"open","sticky":false,"template":"","format":"standard","meta":{"footnotes":""},"categories":[1],"tags":[],"_links":{"self":[{"href":"https:\/\/blog.polityka.pl\/adamczewski\/wp-json\/wp\/v2\/posts\/1766"}],"collection":[{"href":"https:\/\/blog.polityka.pl\/adamczewski\/wp-json\/wp\/v2\/posts"}],"about":[{"href":"https:\/\/blog.polityka.pl\/adamczewski\/wp-json\/wp\/v2\/types\/post"}],"author":[{"embeddable":true,"href":"https:\/\/blog.polityka.pl\/adamczewski\/wp-json\/wp\/v2\/users\/2"}],"replies":[{"embeddable":true,"href":"https:\/\/blog.polityka.pl\/adamczewski\/wp-json\/wp\/v2\/comments?post=1766"}],"version-history":[{"count":0,"href":"https:\/\/blog.polityka.pl\/adamczewski\/wp-json\/wp\/v2\/posts\/1766\/revisions"}],"wp:attachment":[{"href":"https:\/\/blog.polityka.pl\/adamczewski\/wp-json\/wp\/v2\/media?parent=1766"}],"wp:term":[{"taxonomy":"category","embeddable":true,"href":"https:\/\/blog.polityka.pl\/adamczewski\/wp-json\/wp\/v2\/categories?post=1766"},{"taxonomy":"post_tag","embeddable":true,"href":"https:\/\/blog.polityka.pl\/adamczewski\/wp-json\/wp\/v2\/tags?post=1766"}],"curies":[{"name":"wp","href":"https:\/\/api.w.org\/{rel}","templated":true}]}}