
{"id":1782,"date":"2010-06-09T08:00:54","date_gmt":"2010-06-09T06:00:54","guid":{"rendered":"http:\/\/adamczewski.blog.polityka.pl\/?p=1782"},"modified":"2010-06-09T08:25:19","modified_gmt":"2010-06-09T06:25:19","slug":"zgadnij-co-gotujemy-40-b","status":"publish","type":"post","link":"https:\/\/blog.polityka.pl\/adamczewski\/2010\/06\/09\/zgadnij-co-gotujemy-40-b\/","title":{"rendered":"Zgadnij co gotujemy? (40 B)"},"content":{"rendered":"<p><a href=\"\/wp-content\/uploads\/2010\/06\/norwegia-na-wodach-fiordu.jpg\"><img loading=\"lazy\" decoding=\"async\" class=\"aligncenter size-medium wp-image-1783\" title=\"norwegia-na-wodach-fiordu\" src=\"\/wp-content\/uploads\/2010\/06\/norwegia-na-wodach-fiordu-300x198.jpg\" alt=\"\" width=\"300\" height=\"198\" srcset=\"\/adamczewski\/wp-content\/uploads\/2010\/06\/norwegia-na-wodach-fiordu-300x198.jpg 300w, \/adamczewski\/wp-content\/uploads\/2010\/06\/norwegia-na-wodach-fiordu.jpg 500w\" sizes=\"(max-width: 300px) 100vw, 300px\" \/><\/a><\/p>\n<p><em>Na wodach fiordu pod Hammerfest<\/em><\/p>\n<p>Ani si\u0119 obejrzeli\u015bmy a to ju\u017c czterdziesty raz w tym roku\u00a0 zach\u0119cam Was do wysi\u0142ku umys\u0142owego kusz\u0105c nagrodami. Tym razem b\u0119dzie\u00a0przepi\u0119kny album\u00a0 pt.\u00a0&#8222;Norwegia&#8221;\u00a0ze zdj\u0119ciami El\u017cbiety Dzikowskiej i Izabeli Staniszewskiej oraz tekstem Aleksandry Buczkowskiej czyli szefowej naszej wyprawy.\u00a0Oto wi\u0119c trzy zagadki:<\/p>\n<p>1\u00a0&#8211; Najs\u0142ynniejsze owoce rosn\u0105ce daleko na p\u00f3\u0142nocy Norwegii to&#8230;?<\/p>\n<p>2\u00a0&#8211; S\u0105 ryby nosz\u0105ce w nazwie przymiotnik &#8222;norweski&#8221;; wymie\u0144 jak\u0105\u015b z nich&#8230;<\/p>\n<p>3\u00a0&#8211; Stolic\u0105 smaku w Norwegii nazywa si\u0119 miasto&#8230;?<\/p>\n<p>Kto pierwszy nade\u015ble trzy prawid\u0142owe odpowiedzi na adres\u00a0 <a href=\"mailto:Internet@polityka.com.pl\">internet@polityka.com.pl<\/a>\u00a0 ten otrzyma ksi\u0105\u017ck\u0119 prezentuj\u0105c\u0105 niezwyk\u0142y krajobraz kraju z p\u00f3\u0142nocy kontynentu. Czekam niecierpliwie!<\/p>\n<p>\u00a0<\/p>\n","protected":false},"excerpt":{"rendered":"<p>Na wodach fiordu pod Hammerfest Ani si\u0119 obejrzeli\u015bmy a to ju\u017c czterdziesty raz w tym roku\u00a0 zach\u0119cam Was do wysi\u0142ku umys\u0142owego kusz\u0105c nagrodami. Tym razem b\u0119dzie\u00a0przepi\u0119kny album\u00a0 pt.\u00a0&#8222;Norwegia&#8221;\u00a0ze zdj\u0119ciami El\u017cbiety Dzikowskiej i Izabeli Staniszewskiej oraz tekstem Aleksandry Buczkowskiej czyli szefowej naszej wyprawy.\u00a0Oto wi\u0119c trzy zagadki: 1\u00a0&#8211; Najs\u0142ynniejsze owoce rosn\u0105ce daleko na p\u00f3\u0142nocy Norwegii to&#8230;? 2\u00a0&#8211; [&hellip;]<\/p>\n","protected":false},"author":2,"featured_media":0,"comment_status":"open","ping_status":"open","sticky":false,"template":"","format":"standard","meta":{"footnotes":""},"categories":[1],"tags":[],"_links":{"self":[{"href":"https:\/\/blog.polityka.pl\/adamczewski\/wp-json\/wp\/v2\/posts\/1782"}],"collection":[{"href":"https:\/\/blog.polityka.pl\/adamczewski\/wp-json\/wp\/v2\/posts"}],"about":[{"href":"https:\/\/blog.polityka.pl\/adamczewski\/wp-json\/wp\/v2\/types\/post"}],"author":[{"embeddable":true,"href":"https:\/\/blog.polityka.pl\/adamczewski\/wp-json\/wp\/v2\/users\/2"}],"replies":[{"embeddable":true,"href":"https:\/\/blog.polityka.pl\/adamczewski\/wp-json\/wp\/v2\/comments?post=1782"}],"version-history":[{"count":0,"href":"https:\/\/blog.polityka.pl\/adamczewski\/wp-json\/wp\/v2\/posts\/1782\/revisions"}],"wp:attachment":[{"href":"https:\/\/blog.polityka.pl\/adamczewski\/wp-json\/wp\/v2\/media?parent=1782"}],"wp:term":[{"taxonomy":"category","embeddable":true,"href":"https:\/\/blog.polityka.pl\/adamczewski\/wp-json\/wp\/v2\/categories?post=1782"},{"taxonomy":"post_tag","embeddable":true,"href":"https:\/\/blog.polityka.pl\/adamczewski\/wp-json\/wp\/v2\/tags?post=1782"}],"curies":[{"name":"wp","href":"https:\/\/api.w.org\/{rel}","templated":true}]}}