
{"id":179,"date":"2007-03-28T07:00:35","date_gmt":"2007-03-28T06:00:35","guid":{"rendered":"http:\/\/adamczewski.blog.polityka.pl\/?p=179"},"modified":"2007-03-28T07:51:49","modified_gmt":"2007-03-28T06:51:49","slug":"zgadnij-co-gotujemy-33","status":"publish","type":"post","link":"https:\/\/blog.polityka.pl\/adamczewski\/2007\/03\/28\/zgadnij-co-gotujemy-33\/","title":{"rendered":"Zgadnij co gotujemy (33)"},"content":{"rendered":"<p>Mam nadziej\u0119, \u017ce Was nie zam\u0119cz\u0119 tymi angielsko szkockimi tematami. Ale s\u0105dz\u0119, \u017ce i quiz po takiej podr\u00f3\u017cy winien by\u0107 utrzymany we w\u0142a\u015bciwym klimacie. I tylko nagroda b\u0119dzie mi\u0119dzynarodowa. Tym razem to moja ksi\u0105\u017cka &#8222;Smakosz w\u0119drowny&#8221; z Wydawnictwa Pr\u00f3szy\u0144ski i S-ka czyli w\u0119dr\u00f3wka przez \u015bwiat i histori\u0119 w po\u0142\u0105czeniu z przepisami z r\u00f3\u017cnych kontynent\u00f3w i epok.<\/p>\n<p>No to do roboty \u0142asuchy!<br \/>\n1. Co to jest Aberdeen Angus &#8211; miejscowo\u015b\u0107, potrawa czy nap\u00f3j lub co innego?<br \/>\n2. Avalon to po celtycku &#8222;wyspa jab\u0142ek&#8221; , ta wyspa le\u017cy w hrabstwie Somerset, kr\u00f3luj\u0105 tu jab\u0142onie, z owoc\u00f3w kt\u00f3rych powstaje  cydr. Kto przetrasportowa\u0142  jab\u0142ka z po\u0142udnia Europy do Anglii (by\u0142o to 2 tys. lat temu)?<br \/>\n3. Jaka szkocka potrawa wymaga specjalnego szacunku sto\u0142ownik\u00f3w &#8211; g\u00f3rale m\u00f3wi\u0105 i pisz\u0105 o niej Pani (<em>they<\/em>), mieszaj\u0105 sk\u0142adniki tylko praw\u0105 r\u0119k\u0105 i jedz\u0105 na stoj\u0105co?<\/p>\n<p>Mieszka\u0144cy Wysp maj\u0105 \u0142atwiej ale za to d\u0142u\u017cej \u015bpi\u0105 (r\u00f3\u017cnica czasu), wi\u0119c szanse s\u0105 wyr\u00f3wnane. Kto pierwszy przy\u015ble prawid\u0142owe odpowiedzi na sta\u0142y adres czyli <a href=\"mailto:internet@polityka.com.pl\">internet@polityka.com.pl<\/a>  ten dostanie ksi\u0105\u017ck\u0119 z autografem i dedykacj\u0105, jako prezent  \u015bwi\u0105teczny czyli tzw. zaj\u0105czka. Czekam!<\/p>\n","protected":false},"excerpt":{"rendered":"<p>Mam nadziej\u0119, \u017ce Was nie zam\u0119cz\u0119 tymi angielsko szkockimi tematami. Ale s\u0105dz\u0119, \u017ce i quiz po takiej podr\u00f3\u017cy winien by\u0107 utrzymany we w\u0142a\u015bciwym klimacie. I tylko nagroda b\u0119dzie mi\u0119dzynarodowa. Tym razem to moja ksi\u0105\u017cka &#8222;Smakosz w\u0119drowny&#8221; z Wydawnictwa Pr\u00f3szy\u0144ski i S-ka czyli w\u0119dr\u00f3wka przez \u015bwiat i histori\u0119 w po\u0142\u0105czeniu z przepisami z r\u00f3\u017cnych kontynent\u00f3w i [&hellip;]<\/p>\n","protected":false},"author":2,"featured_media":0,"comment_status":"open","ping_status":"open","sticky":false,"template":"","format":"standard","meta":{"footnotes":""},"categories":[1],"tags":[],"_links":{"self":[{"href":"https:\/\/blog.polityka.pl\/adamczewski\/wp-json\/wp\/v2\/posts\/179"}],"collection":[{"href":"https:\/\/blog.polityka.pl\/adamczewski\/wp-json\/wp\/v2\/posts"}],"about":[{"href":"https:\/\/blog.polityka.pl\/adamczewski\/wp-json\/wp\/v2\/types\/post"}],"author":[{"embeddable":true,"href":"https:\/\/blog.polityka.pl\/adamczewski\/wp-json\/wp\/v2\/users\/2"}],"replies":[{"embeddable":true,"href":"https:\/\/blog.polityka.pl\/adamczewski\/wp-json\/wp\/v2\/comments?post=179"}],"version-history":[{"count":0,"href":"https:\/\/blog.polityka.pl\/adamczewski\/wp-json\/wp\/v2\/posts\/179\/revisions"}],"wp:attachment":[{"href":"https:\/\/blog.polityka.pl\/adamczewski\/wp-json\/wp\/v2\/media?parent=179"}],"wp:term":[{"taxonomy":"category","embeddable":true,"href":"https:\/\/blog.polityka.pl\/adamczewski\/wp-json\/wp\/v2\/categories?post=179"},{"taxonomy":"post_tag","embeddable":true,"href":"https:\/\/blog.polityka.pl\/adamczewski\/wp-json\/wp\/v2\/tags?post=179"}],"curies":[{"name":"wp","href":"https:\/\/api.w.org\/{rel}","templated":true}]}}