
{"id":1819,"date":"2010-06-30T08:00:42","date_gmt":"2010-06-30T06:00:42","guid":{"rendered":"http:\/\/adamczewski.blog.polityka.pl\/?p=1819"},"modified":"2010-06-30T17:58:17","modified_gmt":"2010-06-30T15:58:17","slug":"zgadnij-co-gotujemy-43-b","status":"publish","type":"post","link":"https:\/\/blog.polityka.pl\/adamczewski\/2010\/06\/30\/zgadnij-co-gotujemy-43-b\/","title":{"rendered":"Zgadnij co gotujemy? (43 B)"},"content":{"rendered":"<p><a href=\"\/wp-content\/uploads\/2010\/06\/bill-granger-p62202541.jpg\"><img loading=\"lazy\" decoding=\"async\" class=\"alignleft size-medium wp-image-1820\" title=\"bill-granger-p62202541\" src=\"\/wp-content\/uploads\/2010\/06\/bill-granger-p62202541-225x300.jpg\" alt=\"\" width=\"225\" height=\"300\" srcset=\"\/adamczewski\/wp-content\/uploads\/2010\/06\/bill-granger-p62202541-225x300.jpg 225w, \/adamczewski\/wp-content\/uploads\/2010\/06\/bill-granger-p62202541.jpg 360w\" sizes=\"(max-width: 225px) 100vw, 225px\" \/><\/a>Za chwil\u0119 wakacje. B\u0119d\u0119 cz\u0119sto w drodze. Po Polsce i po Europie. Z tego te\u017c powodu zawieszam na czas letni quizy. Dzisiejsza zgadywanka b\u0119dzie ostatnia w tym urlopowym sezonie. Na zako\u0144czenie b\u0119dzie (zapowiedziana przed tygodniem) nagroda: ksi\u0105\u017cka Billa Grangera &#8222;Nakarm mnie&#8221; i p\u0142yta z jego programem, kt\u00f3ry b\u0119dzie emitowany w stacji \u0142asuch\u00f3w czyli Kuchnia TV. Warto wi\u0119c dzi\u015b po\u015bciga\u0107 si\u0119 w kwestii szybkich odpowiedzi. A oto pytania:<\/p>\n<p>\u00a0\u00a0\u00a0\u00a0 1\u00a0&#8211; Maorysi czyli tubylcza ludno\u015b\u0107 Nowej Zelandii, gustuj\u0105 w wieprzowinie; kto i kiedy nauczy\u0142 ich hodowli i przyrz\u0105dzania\u00a0 mi\u0119sa ze \u015bwinek?<\/p>\n<p>2\u00a0&#8211; Mi\u0119so kilku zwierz\u0105t z Australii zrobi\u0142o karier\u0119 na wielu rynkach wszystkich kontynent\u00f3w; wymie\u0144 cho\u0107 dwa z nich??<\/p>\n<p>3\u00a0&#8211; W restauracjach australijskich bardzo popularna jest kuchnia s\u0105siad\u00f3w\u00a0&#8211; Indonezji; co si\u0119 kryje za nazw\u0105 nasi goreng?<\/p>\n<p>Kto pierwszy przy\u015ble prawid\u0142owe odpowiedzi na adres: <a href=\"mailto:internet@polityka.com.pl\">internet@polityka.com.pl<\/a>\u00a0 ten otrzyma ciekaw\u0105 i po\u017cyteczn\u0105 ksi\u0105\u017ck\u0119 oraz\u00a0 p\u0142yt\u0119 z programem stacji dla \u0142asuch\u00f3w czyli Kuchnia TV. A potem ju\u017c tylko wakacje!<\/p>\n<p>\u00a0<\/p>\n","protected":false},"excerpt":{"rendered":"<p>Za chwil\u0119 wakacje. B\u0119d\u0119 cz\u0119sto w drodze. Po Polsce i po Europie. Z tego te\u017c powodu zawieszam na czas letni quizy. Dzisiejsza zgadywanka b\u0119dzie ostatnia w tym urlopowym sezonie. Na zako\u0144czenie b\u0119dzie (zapowiedziana przed tygodniem) nagroda: ksi\u0105\u017cka Billa Grangera &#8222;Nakarm mnie&#8221; i p\u0142yta z jego programem, kt\u00f3ry b\u0119dzie emitowany w stacji \u0142asuch\u00f3w czyli Kuchnia TV. [&hellip;]<\/p>\n","protected":false},"author":2,"featured_media":0,"comment_status":"open","ping_status":"open","sticky":false,"template":"","format":"standard","meta":{"footnotes":""},"categories":[1],"tags":[],"_links":{"self":[{"href":"https:\/\/blog.polityka.pl\/adamczewski\/wp-json\/wp\/v2\/posts\/1819"}],"collection":[{"href":"https:\/\/blog.polityka.pl\/adamczewski\/wp-json\/wp\/v2\/posts"}],"about":[{"href":"https:\/\/blog.polityka.pl\/adamczewski\/wp-json\/wp\/v2\/types\/post"}],"author":[{"embeddable":true,"href":"https:\/\/blog.polityka.pl\/adamczewski\/wp-json\/wp\/v2\/users\/2"}],"replies":[{"embeddable":true,"href":"https:\/\/blog.polityka.pl\/adamczewski\/wp-json\/wp\/v2\/comments?post=1819"}],"version-history":[{"count":0,"href":"https:\/\/blog.polityka.pl\/adamczewski\/wp-json\/wp\/v2\/posts\/1819\/revisions"}],"wp:attachment":[{"href":"https:\/\/blog.polityka.pl\/adamczewski\/wp-json\/wp\/v2\/media?parent=1819"}],"wp:term":[{"taxonomy":"category","embeddable":true,"href":"https:\/\/blog.polityka.pl\/adamczewski\/wp-json\/wp\/v2\/categories?post=1819"},{"taxonomy":"post_tag","embeddable":true,"href":"https:\/\/blog.polityka.pl\/adamczewski\/wp-json\/wp\/v2\/tags?post=1819"}],"curies":[{"name":"wp","href":"https:\/\/api.w.org\/{rel}","templated":true}]}}