
{"id":1838,"date":"2010-07-22T08:00:49","date_gmt":"2010-07-22T06:00:49","guid":{"rendered":"http:\/\/adamczewski.blog.polityka.pl\/?p=1838"},"modified":"2010-07-14T19:59:13","modified_gmt":"2010-07-14T17:59:13","slug":"a-jednak-szata-czyni-czlowieka","status":"publish","type":"post","link":"https:\/\/blog.polityka.pl\/adamczewski\/2010\/07\/22\/a-jednak-szata-czyni-czlowieka\/","title":{"rendered":"A jednak szata czyni cz\u0142owieka"},"content":{"rendered":"<p>Wbrew staremu przys\u0142owiu czasem jednak szata czyni cz\u0142owieka. Znaczy to, \u017ce ubiera\u0107 si\u0119 nale\u017cy stosownie do okazji. Na proszona kolacj\u0119 (je\u015bli nie jest to jaka\u015b wyj\u0105tkowa okazja, o kt\u00f3rej wiemy z zaproszenia z zaznaczeniem pro\u015bby o stroje wieczorowe) nale\u017cy oczywi\u015bcie przyj\u015b\u0107 w garniturze (panowie) i sukni b\u0105d\u017a kostiumie (panie). I nie powinny to by\u0107 stroje w kolorach bardzo jasnych.<\/p>\n<p>Ja\u015bniejsze i l\u017cejsze tonacje kolorystyczne pasuj\u0105 do przyj\u0119\u0107 letnich w ogrodzie.<\/p>\n<p>Ubiory przy stole obowi\u0105zuj\u0105 tak\u017ce i w lecie, podczas wakacji. Absolutnie nie nale\u017cy siada\u0107 do sto\u0142u w k\u0105piel\u00f3wkach i bikini nawet w restauracjach na pla\u017cy. Wystarczy w\u00f3wczas na\u0142o\u017cy\u0107 koszulk\u0119 typu T-shirt i kr\u00f3tkie spodnie a w przypadku kobiet owini\u0119cie si\u0119 modnym od paru lat pareo.<\/p>\n<p>Tak\u017ce w\u0119dr\u00f3wki po miejscowo\u015bciach letniskowych na golasa nie nale\u017cy do dobrego tonu. Na tzw. deptakach, w ulicznych kawiarniach czy lodziarniach\u00a0 tak\u017ce nale\u017cy wyst\u0119powa\u0107 w\u00a0 letnim i przewiewnym odzieniu. Jedynym ust\u0119pstwem w tej mierze jest chodzenie na bosaka (je\u015bli kto lubi).<\/p>\n<p>A ja na pla\u017cy musz\u0119 chodzi\u0107 w gumowych bucikach, by si\u0119 w wodzie nie nadzia\u0107 na ostry kolec pewnej z\u0142ej rybki. Wcale nie z\u0142otej!<\/p>\n<p>\u00a0<\/p>\n<p>\u00a0<\/p>\n","protected":false},"excerpt":{"rendered":"<p>Wbrew staremu przys\u0142owiu czasem jednak szata czyni cz\u0142owieka. Znaczy to, \u017ce ubiera\u0107 si\u0119 nale\u017cy stosownie do okazji. Na proszona kolacj\u0119 (je\u015bli nie jest to jaka\u015b wyj\u0105tkowa okazja, o kt\u00f3rej wiemy z zaproszenia z zaznaczeniem pro\u015bby o stroje wieczorowe) nale\u017cy oczywi\u015bcie przyj\u015b\u0107 w garniturze (panowie) i sukni b\u0105d\u017a kostiumie (panie). I nie powinny to by\u0107 stroje [&hellip;]<\/p>\n","protected":false},"author":2,"featured_media":0,"comment_status":"open","ping_status":"open","sticky":false,"template":"","format":"standard","meta":{"footnotes":""},"categories":[1],"tags":[],"_links":{"self":[{"href":"https:\/\/blog.polityka.pl\/adamczewski\/wp-json\/wp\/v2\/posts\/1838"}],"collection":[{"href":"https:\/\/blog.polityka.pl\/adamczewski\/wp-json\/wp\/v2\/posts"}],"about":[{"href":"https:\/\/blog.polityka.pl\/adamczewski\/wp-json\/wp\/v2\/types\/post"}],"author":[{"embeddable":true,"href":"https:\/\/blog.polityka.pl\/adamczewski\/wp-json\/wp\/v2\/users\/2"}],"replies":[{"embeddable":true,"href":"https:\/\/blog.polityka.pl\/adamczewski\/wp-json\/wp\/v2\/comments?post=1838"}],"version-history":[{"count":0,"href":"https:\/\/blog.polityka.pl\/adamczewski\/wp-json\/wp\/v2\/posts\/1838\/revisions"}],"wp:attachment":[{"href":"https:\/\/blog.polityka.pl\/adamczewski\/wp-json\/wp\/v2\/media?parent=1838"}],"wp:term":[{"taxonomy":"category","embeddable":true,"href":"https:\/\/blog.polityka.pl\/adamczewski\/wp-json\/wp\/v2\/categories?post=1838"},{"taxonomy":"post_tag","embeddable":true,"href":"https:\/\/blog.polityka.pl\/adamczewski\/wp-json\/wp\/v2\/tags?post=1838"}],"curies":[{"name":"wp","href":"https:\/\/api.w.org\/{rel}","templated":true}]}}