
{"id":1849,"date":"2010-07-14T08:00:07","date_gmt":"2010-07-14T06:00:07","guid":{"rendered":"http:\/\/adamczewski.blog.polityka.pl\/?p=1849"},"modified":"2010-07-14T09:06:05","modified_gmt":"2010-07-14T07:06:05","slug":"kurcze-z-jajami-to-jest-zajefaje%e2%80%a6","status":"publish","type":"post","link":"https:\/\/blog.polityka.pl\/adamczewski\/2010\/07\/14\/kurcze-z-jajami-to-jest-zajefaje%e2%80%a6\/","title":{"rendered":"Kurcze z jajami to jest zajefaje?"},"content":{"rendered":"<p>J\u0119zyk jest \u017cywym tworzywem. I cz\u0119sto zmienia si\u0119 wraz ze zmian\u0105 obyczaj\u00f3w. S\u0142owa wi\u0119c zmieniaj\u0105 sens. Wiedz\u0105c o tym trzeba te\u017c pami\u0119ta\u0107, \u017ce niekt\u00f3re zwroty pasuj\u0105ce i dopuszczalne w rozmowie z r\u00f3wie\u015bnikami lub w blisko zaprzyja\u017anionym gronie, absolutnie niedopuszczalne s\u0105 w konwersacji w starszym gronie, w eleganckim towarzystwie czy w obecno\u015bci dzieci i pa\u0144. \u017be o przyj\u0119ciach w wytwornym gronie nie wspomn\u0119. Ale c\u00f3\u017c znaczy zrz\u0119dzenie nudnego ramola (my\u015bl\u0119 o sobie). Coraz cz\u0119\u015bciej wi\u0119c s\u0142ysz\u0119 zwroty takie jak w tytule dzisiejszej noty. I wtedy wychodz\u0119 nawet z najsmaczniejszej uczty. Boj\u0119 si\u0119, \u017ce si\u0119 ud\u0142awi\u0119.<\/p>\n<p>Oto przyk\u0142ady: wyra\u017canie emocji przy pomocy zwrotu &#8222;o kurde&#8221; czy (\u0142agodniejsze)\u00a0 &#8222;kurcze&#8221; jest niestosowne. To ledwo zakamuflowany rynsztokowy zwrot &#8222;k&#8230;a&#8221;. Tylko Wielkopolsce dopuszczalne jest u\u017cycie zwrotu &#8222;opowiadasz pierdo\u0142y&#8221; poniewa\u017c od stuleci w gwarze pozna\u0144skiej znaczy to tyle co &#8222;opowiada\u0107 bajki&#8221;. W\u00a0pozosta\u0142ych regionach\u00a0Polski to wyra\u017cenie uwa\u017cane jest za ordynarne. Godne\u00a0 pot\u0119pienia jest\u00a0 u\u017cywanie w konwersacji towarzyskiej s\u0142owa &#8222;zajebiste&#8221;, kt\u00f3re ma rodow\u00f3d ordynarny czy wr\u0119cz chamski. Podobne uwagi dotycz\u0105 zwrotu\u00a0\u00a0 &#8222;z jajami&#8221; czy &#8222;robi\u0107 sobie jaja&#8221;.<\/p>\n<p>Takich s\u0142\u00f3w i zwrot\u00f3w jest znacznie wi\u0119cej i nale\u017cy o tym pami\u0119ta\u0107 wybieraj\u0105c si\u0119 na uroczyste przyj\u0119cie w doborowym gronie.<\/p>\n<p>\u00a0<\/p>\n<p>\u00a0<\/p>\n","protected":false},"excerpt":{"rendered":"<p>J\u0119zyk jest \u017cywym tworzywem. I cz\u0119sto zmienia si\u0119 wraz ze zmian\u0105 obyczaj\u00f3w. S\u0142owa wi\u0119c zmieniaj\u0105 sens. Wiedz\u0105c o tym trzeba te\u017c pami\u0119ta\u0107, \u017ce niekt\u00f3re zwroty pasuj\u0105ce i dopuszczalne w rozmowie z r\u00f3wie\u015bnikami lub w blisko zaprzyja\u017anionym gronie, absolutnie niedopuszczalne s\u0105 w konwersacji w starszym gronie, w eleganckim towarzystwie czy w obecno\u015bci dzieci i pa\u0144. \u017be [&hellip;]<\/p>\n","protected":false},"author":2,"featured_media":0,"comment_status":"open","ping_status":"open","sticky":false,"template":"","format":"standard","meta":{"footnotes":""},"categories":[1],"tags":[],"_links":{"self":[{"href":"https:\/\/blog.polityka.pl\/adamczewski\/wp-json\/wp\/v2\/posts\/1849"}],"collection":[{"href":"https:\/\/blog.polityka.pl\/adamczewski\/wp-json\/wp\/v2\/posts"}],"about":[{"href":"https:\/\/blog.polityka.pl\/adamczewski\/wp-json\/wp\/v2\/types\/post"}],"author":[{"embeddable":true,"href":"https:\/\/blog.polityka.pl\/adamczewski\/wp-json\/wp\/v2\/users\/2"}],"replies":[{"embeddable":true,"href":"https:\/\/blog.polityka.pl\/adamczewski\/wp-json\/wp\/v2\/comments?post=1849"}],"version-history":[{"count":0,"href":"https:\/\/blog.polityka.pl\/adamczewski\/wp-json\/wp\/v2\/posts\/1849\/revisions"}],"wp:attachment":[{"href":"https:\/\/blog.polityka.pl\/adamczewski\/wp-json\/wp\/v2\/media?parent=1849"}],"wp:term":[{"taxonomy":"category","embeddable":true,"href":"https:\/\/blog.polityka.pl\/adamczewski\/wp-json\/wp\/v2\/categories?post=1849"},{"taxonomy":"post_tag","embeddable":true,"href":"https:\/\/blog.polityka.pl\/adamczewski\/wp-json\/wp\/v2\/tags?post=1849"}],"curies":[{"name":"wp","href":"https:\/\/api.w.org\/{rel}","templated":true}]}}