
{"id":1850,"date":"2010-07-12T08:00:19","date_gmt":"2010-07-12T06:00:19","guid":{"rendered":"http:\/\/adamczewski.blog.polityka.pl\/?p=1850"},"modified":"2010-07-06T21:16:51","modified_gmt":"2010-07-06T19:16:51","slug":"owocowe-wspomnienia","status":"publish","type":"post","link":"https:\/\/blog.polityka.pl\/adamczewski\/2010\/07\/12\/owocowe-wspomnienia\/","title":{"rendered":"Owocowe wspomnienia"},"content":{"rendered":"<p>Jad\u0119 do krainy wspania\u0142ych owoc\u00f3w: pomara\u0144czy, fig, melon\u00f3w, granat\u00f3w. Rozmarzy\u0142em si\u0119. Pomy\u015bla\u0142em, \u017ce i Wam b\u0119dzie przyjemnie popatrze\u0107 na owocowe fotografie. No to prosz\u0119, s\u0105 tu owoce z r\u00f3\u017cnych stron \u015bwiata. Ale wszystkie pyszne.<\/p>\n<p><em>Owoce w barcelo\u0144skiej La Boqueria<\/em><\/p>\n<p><img loading=\"lazy\" decoding=\"async\" class=\"aligncenter size-medium wp-image-1855\" title=\"barcelona-owocedscn0577\" src=\"\/wp-content\/uploads\/2010\/07\/barcelona-owocedscn0577-300x225.jpg\" alt=\"\" width=\"300\" height=\"225\" srcset=\"\/adamczewski\/wp-content\/uploads\/2010\/07\/barcelona-owocedscn0577-300x225.jpg 300w, \/adamczewski\/wp-content\/uploads\/2010\/07\/barcelona-owocedscn0577.jpg 640w\" sizes=\"(max-width: 300px) 100vw, 300px\" \/><\/p>\n<p><em>Czerwone banany i owoce chlebowca na Sri Lance<\/em><\/p>\n<p><img loading=\"lazy\" decoding=\"async\" class=\"aligncenter size-medium wp-image-1854\" title=\"czerwone-bananyp8110361\" src=\"\/wp-content\/uploads\/2010\/07\/czerwone-bananyp8110361-225x300.jpg\" alt=\"\" width=\"225\" height=\"300\" srcset=\"\/adamczewski\/wp-content\/uploads\/2010\/07\/czerwone-bananyp8110361-225x300.jpg 225w, \/adamczewski\/wp-content\/uploads\/2010\/07\/czerwone-bananyp8110361.jpg 360w\" sizes=\"(max-width: 225px) 100vw, 225px\" \/><\/p>\n<p><em>Najbardziej \u015bmierdz\u0105cy\u00a0 ale przepyszny&#8230; durian<\/em><\/p>\n<p><img loading=\"lazy\" decoding=\"async\" class=\"aligncenter size-medium wp-image-1853\" title=\"durian3p8060248\" src=\"\/wp-content\/uploads\/2010\/07\/durian3p8060248-300x225.jpg\" alt=\"\" width=\"300\" height=\"225\" srcset=\"\/adamczewski\/wp-content\/uploads\/2010\/07\/durian3p8060248-300x225.jpg 300w, \/adamczewski\/wp-content\/uploads\/2010\/07\/durian3p8060248.jpg 640w\" sizes=\"(max-width: 300px) 100vw, 300px\" \/><\/p>\n<p><em>Moje ulubione truskawki z imbirem<\/em><\/p>\n<p><img loading=\"lazy\" decoding=\"async\" class=\"aligncenter size-medium wp-image-1852\" title=\"goscie-i-truskawki-z-imbirem-p6160241\" src=\"\/wp-content\/uploads\/2010\/07\/goscie-i-truskawki-z-imbirem-p6160241-300x225.jpg\" alt=\"\" width=\"300\" height=\"225\" srcset=\"\/adamczewski\/wp-content\/uploads\/2010\/07\/goscie-i-truskawki-z-imbirem-p6160241-300x225.jpg 300w, \/adamczewski\/wp-content\/uploads\/2010\/07\/goscie-i-truskawki-z-imbirem-p6160241.jpg 640w\" sizes=\"(max-width: 300px) 100vw, 300px\" \/><\/p>\n<p><em>A to niby zwyk\u0142e, nasze a jakie smaczne jab\u0142uszka<\/em><\/p>\n<p><img loading=\"lazy\" decoding=\"async\" class=\"aligncenter size-medium wp-image-1851\" title=\"jablka-fotleszek-zych\" src=\"\/wp-content\/uploads\/2010\/07\/jablka-fotleszek-zych-300x213.jpg\" alt=\"\" width=\"300\" height=\"213\" srcset=\"\/adamczewski\/wp-content\/uploads\/2010\/07\/jablka-fotleszek-zych-300x213.jpg 300w, \/adamczewski\/wp-content\/uploads\/2010\/07\/jablka-fotleszek-zych.jpg 640w\" sizes=\"(max-width: 300px) 100vw, 300px\" \/><\/p>\n<p>Smacznego!<\/p>\n","protected":false},"excerpt":{"rendered":"<p>Jad\u0119 do krainy wspania\u0142ych owoc\u00f3w: pomara\u0144czy, fig, melon\u00f3w, granat\u00f3w. Rozmarzy\u0142em si\u0119. Pomy\u015bla\u0142em, \u017ce i Wam b\u0119dzie przyjemnie popatrze\u0107 na owocowe fotografie. No to prosz\u0119, s\u0105 tu owoce z r\u00f3\u017cnych stron \u015bwiata. Ale wszystkie pyszne. Owoce w barcelo\u0144skiej La Boqueria Czerwone banany i owoce chlebowca na Sri Lance Najbardziej \u015bmierdz\u0105cy\u00a0 ale przepyszny&#8230; durian Moje ulubione truskawki [&hellip;]<\/p>\n","protected":false},"author":2,"featured_media":0,"comment_status":"open","ping_status":"open","sticky":false,"template":"","format":"standard","meta":{"footnotes":""},"categories":[1],"tags":[],"_links":{"self":[{"href":"https:\/\/blog.polityka.pl\/adamczewski\/wp-json\/wp\/v2\/posts\/1850"}],"collection":[{"href":"https:\/\/blog.polityka.pl\/adamczewski\/wp-json\/wp\/v2\/posts"}],"about":[{"href":"https:\/\/blog.polityka.pl\/adamczewski\/wp-json\/wp\/v2\/types\/post"}],"author":[{"embeddable":true,"href":"https:\/\/blog.polityka.pl\/adamczewski\/wp-json\/wp\/v2\/users\/2"}],"replies":[{"embeddable":true,"href":"https:\/\/blog.polityka.pl\/adamczewski\/wp-json\/wp\/v2\/comments?post=1850"}],"version-history":[{"count":0,"href":"https:\/\/blog.polityka.pl\/adamczewski\/wp-json\/wp\/v2\/posts\/1850\/revisions"}],"wp:attachment":[{"href":"https:\/\/blog.polityka.pl\/adamczewski\/wp-json\/wp\/v2\/media?parent=1850"}],"wp:term":[{"taxonomy":"category","embeddable":true,"href":"https:\/\/blog.polityka.pl\/adamczewski\/wp-json\/wp\/v2\/categories?post=1850"},{"taxonomy":"post_tag","embeddable":true,"href":"https:\/\/blog.polityka.pl\/adamczewski\/wp-json\/wp\/v2\/tags?post=1850"}],"curies":[{"name":"wp","href":"https:\/\/api.w.org\/{rel}","templated":true}]}}