
{"id":1859,"date":"2010-08-03T08:00:15","date_gmt":"2010-08-03T06:00:15","guid":{"rendered":"http:\/\/adamczewski.blog.polityka.pl\/?p=1859"},"modified":"2010-08-02T14:01:38","modified_gmt":"2010-08-02T12:01:38","slug":"juz-po-wakacjach","status":"publish","type":"post","link":"https:\/\/blog.polityka.pl\/adamczewski\/2010\/08\/03\/juz-po-wakacjach\/","title":{"rendered":"Ju\u017c po wakacjach"},"content":{"rendered":"<p>Wr\u00f3cili\u015bmy w nocy i od razu zajrza\u0142em do blogu. Nie przeczyta\u0142em oczywi\u015bcie wszystkiego ale nie dopatrzy\u0142em si\u0119 te\u017c ani pr\u00f3by przewrotu, ani te\u017c \u017cadnej rewolucji. Wszystko w normie. No, prawie wszystko (to zastrze\u017cenie w celu zapobie\u017cenia\u00a0 jakiej\u015b kl\u0105twie).<\/p>\n<p><img loading=\"lazy\" decoding=\"async\" class=\"aligncenter size-medium wp-image-1862\" title=\"p7200045\" src=\"\/wp-content\/uploads\/2010\/08\/p7200045-300x225.jpg\" alt=\"\" width=\"300\" height=\"225\" \/><\/p>\n<p><em>Grecka \u015bwi\u0105tynia w Paestum robi wra\u017cenie!<\/em><\/p>\n<p>Zanim zaczn\u0119 regularne relacje z podr\u00f3\u017cy musze nieco odsapn\u0105\u0107 i posegregowa\u0107 wspominki. Dzi\u015b wi\u0119c tylko kilka zdj\u0119\u0107 z r\u00f3\u017cnych miejsc\u00a0 i moment\u00f3w oraz podzi\u0119kowania za rady przed wyjazdem. Dzi\u0119kuj\u0119 zw\u0142aszcza Stanis\u0142awowi za przypomnienie o butach do k\u0105pieli. Wprawdzie rybek z kolcami zaczajonych pod piaskiem dna nie by\u0142o ale bez but\u00f3w chodzenie po piasku pla\u017cy rozgrzanej niebotyczn\u0105\u00a0 temperatur\u0105 by\u0142o by niemo\u017cliwe. Stopy si\u0119 sma\u017c\u0105. Dzie\u0144 w dzie\u0144 bowiem temperatura powietrza si\u0119ga\u0142a do 40 st. C a wody do 28 st. Czyli nad wod\u0105 \u00a0by\u0142o wr\u0119cz bosko! Nawiasem m\u00f3wi\u0105c piasek na naszej pla\u017cy by\u0142 z\u0142oty a nie czarny (jak mieli\u015bmy w Bazilicacie) wulkaniczny. Wida\u0107 do Wezuwiusza za daleko (ok. 100 km).<\/p>\n<p>\u00a0<\/p>\n<p>R\u00f3wnie\u017c zwiedzanie \u015bwi\u0105ty\u0144 greckich nie by\u0142o niczym utrudnione, co dokumentujemy na zdj\u0119ciach. A te ruiny domostw i ocala\u0142e gigantyczne kolumny \u015bwi\u0105ty\u0144 to widok zapieraj\u0105cy dech.<\/p>\n<p><img loading=\"lazy\" decoding=\"async\" class=\"aligncenter size-medium wp-image-1860\" title=\"p7200034\" src=\"\/wp-content\/uploads\/2010\/08\/p7200034-300x225.jpg\" alt=\"\" width=\"300\" height=\"225\" \/><\/p>\n<p><em>\u015aniadania jadali\u015bmy w domu, kt\u00f3ry wida\u0107 ni\u017cej <\/em><\/p>\n<p><img loading=\"lazy\" decoding=\"async\" class=\"aligncenter size-medium wp-image-1865\" title=\"p72000371\" src=\"\/wp-content\/uploads\/2010\/08\/p72000371-225x300.jpg\" alt=\"\" width=\"225\" height=\"300\" \/>Domek, w kt\u00f3rym mieszkali\u015bmy by\u0142 wi\u0119cej ni\u017c przyzwoity. Do pla\u017cy trzy minuty wolnego spacerku.<br \/>\nDobrze te\u017c wybrali\u015bmy restauracj\u0119, kt\u00f3r\u0105 par\u0119 razy szczeg\u00f3\u0142owo opisz\u0119, bo warta gwiazdek Micheline&#8217;a.<\/p>\n<p><img loading=\"lazy\" decoding=\"async\" class=\"aligncenter size-medium wp-image-1863\" title=\"p7210199\" src=\"\/wp-content\/uploads\/2010\/08\/p7210199-300x225.jpg\" alt=\"\" width=\"300\" height=\"225\" \/><\/p>\n<p><img loading=\"lazy\" decoding=\"async\" class=\"aligncenter size-medium wp-image-1864\" title=\"p7220235\" src=\"\/wp-content\/uploads\/2010\/08\/p7220235-300x225.jpg\" alt=\"\" width=\"300\" height=\"225\" \/><\/p>\n<p><em>Cozze i najpyszniejsze ma\u0142\u017ce w kszta\u0142cie d\u0142ugich rurek &#8211; fasolara cannolicchi<\/em><\/p>\n<p>Aby nie by\u0142o tak cudownie to przyznam si\u0119, \u017ce w drodze powrotnej zab\u0142\u0105dzi\u0142em (mimo GPS, kt\u00f3rego rady zlekcewa\u017cy\u0142em i mapy, do kt\u00f3rej zajrza\u0142em zbyt p\u00f3\u017ano) pod O\u0142omu\u0144cem. I dok\u0142adaj\u0105c ponad dwie godziny kr\u0105\u017cyli\u015bmy po Morawach podziwiaj\u0105c pi\u0119kne krajobrazy i \u015bliczne, czyste wsie oraz miasteczka. Ale co ja si\u0119 nas\u0142ucha\u0142em od pasa\u017cerek!!!?<br \/>\nI to tyle na pocz\u0105tek.<\/p>\n<p>\u00a0<\/p>\n","protected":false},"excerpt":{"rendered":"<p>Wr\u00f3cili\u015bmy w nocy i od razu zajrza\u0142em do blogu. Nie przeczyta\u0142em oczywi\u015bcie wszystkiego ale nie dopatrzy\u0142em si\u0119 te\u017c ani pr\u00f3by przewrotu, ani te\u017c \u017cadnej rewolucji. Wszystko w normie. No, prawie wszystko (to zastrze\u017cenie w celu zapobie\u017cenia\u00a0 jakiej\u015b kl\u0105twie). Grecka \u015bwi\u0105tynia w Paestum robi wra\u017cenie! Zanim zaczn\u0119 regularne relacje z podr\u00f3\u017cy musze nieco odsapn\u0105\u0107 i posegregowa\u0107 [&hellip;]<\/p>\n","protected":false},"author":2,"featured_media":0,"comment_status":"open","ping_status":"open","sticky":false,"template":"","format":"standard","meta":{"footnotes":""},"categories":[1],"tags":[],"_links":{"self":[{"href":"https:\/\/blog.polityka.pl\/adamczewski\/wp-json\/wp\/v2\/posts\/1859"}],"collection":[{"href":"https:\/\/blog.polityka.pl\/adamczewski\/wp-json\/wp\/v2\/posts"}],"about":[{"href":"https:\/\/blog.polityka.pl\/adamczewski\/wp-json\/wp\/v2\/types\/post"}],"author":[{"embeddable":true,"href":"https:\/\/blog.polityka.pl\/adamczewski\/wp-json\/wp\/v2\/users\/2"}],"replies":[{"embeddable":true,"href":"https:\/\/blog.polityka.pl\/adamczewski\/wp-json\/wp\/v2\/comments?post=1859"}],"version-history":[{"count":0,"href":"https:\/\/blog.polityka.pl\/adamczewski\/wp-json\/wp\/v2\/posts\/1859\/revisions"}],"wp:attachment":[{"href":"https:\/\/blog.polityka.pl\/adamczewski\/wp-json\/wp\/v2\/media?parent=1859"}],"wp:term":[{"taxonomy":"category","embeddable":true,"href":"https:\/\/blog.polityka.pl\/adamczewski\/wp-json\/wp\/v2\/categories?post=1859"},{"taxonomy":"post_tag","embeddable":true,"href":"https:\/\/blog.polityka.pl\/adamczewski\/wp-json\/wp\/v2\/tags?post=1859"}],"curies":[{"name":"wp","href":"https:\/\/api.w.org\/{rel}","templated":true}]}}