
{"id":1883,"date":"2010-08-13T08:00:27","date_gmt":"2010-08-13T06:00:27","guid":{"rendered":"http:\/\/adamczewski.blog.polityka.pl\/?p=1883"},"modified":"2010-08-09T16:43:47","modified_gmt":"2010-08-09T14:43:47","slug":"wieczory-w-zi-fiore","status":"publish","type":"post","link":"https:\/\/blog.polityka.pl\/adamczewski\/2010\/08\/13\/wieczory-w-zi-fiore\/","title":{"rendered":"Wieczory w Zi Fiore"},"content":{"rendered":"<p><a href=\"\/wp-content\/uploads\/2010\/08\/p71800101.jpg\"><\/a><a href=\"\/wp-content\/uploads\/2010\/08\/p7200152.jpg\"><img loading=\"lazy\" decoding=\"async\" class=\"aligncenter size-medium wp-image-1889\" title=\"p7200152\" src=\"\/wp-content\/uploads\/2010\/08\/p7200152-300x225.jpg\" alt=\"\" width=\"300\" height=\"225\" \/><\/a><a href=\"\/wp-content\/uploads\/2010\/08\/p7180011.jpg\"><\/a><\/p>\n<p><em>Pizza Margherita w kszta\u0142cie myszki czyli topolino to danie dzieci\u0119ce<\/em><\/p>\n<p>Dzi\u015b b\u0119dzie wi\u0119cej zdj\u0119\u0107 ni\u017c tekstu. Fotografie potraw s\u0105 na og\u00f3\u0142 bardziej wymowne ni\u017c najwi\u0119ksze nawet zachwyty. Jak bowiem opowiedzie\u0107 aromat grillowanej dorady lub sma\u017conych w g\u0142\u0119bokiej oliwie rybek czy kalmar\u00f3w? A smak czy nawet kolor? Zw\u0142aszcza je\u015bli facet taki jak ja nie jest w stanie odr\u00f3\u017cni\u0107 b\u0142\u0119kitu od szmaragdu i r\u00f3\u017cu od fioletu.<\/p>\n<p>Najpierw jednak tytu\u0142em wst\u0119pu kilka s\u0142\u00f3w o restauracji, kt\u00f3r\u0105 odwiedzili\u015bmy 14 razy, poniewa\u017c zachwyci\u0142 nas i kucharz, i pizzeolo, i\u00a0&#8211; przede wszystkim\u00a0&#8211; \u015bliczne, przemi\u0142e i fachowe kelnerki.<\/p>\n<p><img loading=\"lazy\" decoding=\"async\" class=\"aligncenter size-medium wp-image-1884\" title=\"p7180010\" src=\"\/wp-content\/uploads\/2010\/08\/p7180010-300x225.jpg\" alt=\"\" width=\"300\" height=\"225\" \/><\/p>\n<p><em>Fritelle czyli malutkie kulki z m\u0105ki z rukol\u0105 sma\u017cone w oliwie<\/em><\/p>\n<p>Restauracja nazywa si\u0119 &#8222;Zi Fiore&#8221;. Mie\u015bci si\u0119 przy g\u0142\u00f3wnej przelotowej ulicy Paestum. Wi\u0119ksza cz\u0119\u015b\u0107 stolik\u00f3w znajduje si\u0119 w ogrodzie, co dodaje uroku kolacjom. Z ka\u017cdego niemal miejsca wida\u0107 piec i uwijaj\u0105cego si\u0119 przy nim pizzeolo.<\/p>\n<p><img loading=\"lazy\" decoding=\"async\" class=\"aligncenter size-medium wp-image-1885\" title=\"p7180011\" src=\"\/wp-content\/uploads\/2010\/08\/p7180011-300x225.jpg\" alt=\"\" width=\"300\" height=\"225\" \/><\/p>\n<p><em>Seppia\u00a0prosto z grilla&#8230;<\/em><\/p>\n<p><img loading=\"lazy\" decoding=\"async\" class=\"aligncenter size-medium wp-image-1888\" title=\"p7180013\" src=\"\/wp-content\/uploads\/2010\/08\/p7180013-300x225.jpg\" alt=\"\" width=\"300\" height=\"225\" \/><\/p>\n<p><em>&#8230;i dorada<\/em><\/p>\n<p>Za\u0142oga jest mi\u0119dzynarodowa: W\u0142osi ( w\u0142a\u015bciciele i kucharz oraz pizzeolo), Niemki (kelnerka i wsp\u00f3\u0142w\u0142a\u015bcicielka czyli \u017cona speca od pizzy), Rosjanka (kawiarka).<\/p>\n<p><img loading=\"lazy\" decoding=\"async\" class=\"aligncenter size-medium wp-image-1887\" title=\"p7220236\" src=\"\/wp-content\/uploads\/2010\/08\/p7220236-300x225.jpg\" alt=\"\" width=\"300\" height=\"225\" \/><\/p>\n<p><em>Frito misto czyli morskie r\u00f3\u017cno\u015bci z frytury<\/em><\/p>\n<p>Kuchnia klasyczna w\u0142oska a wi\u0119c dziesi\u0105tki rodzaj\u00f3w pizzy, a pobliski Neapol to miejsce narodzin tego placka, tyle\u017c gatunk\u00f3w past przy wielkiej r\u00f3\u017cnorodno\u015bci rodzaj\u00f3w makaron\u00f3w, risotta, ryby (g\u0142\u00f3wnie z grilla lub z frytury), o\u015bmiornice, kalmary, ma\u0142\u017ce. Dla mi\u0119so\u017cerc\u00f3w te\u017c co\u015b si\u0119 znajdzie, cho\u0107 nie a\u017c w tak bogatym wyborze. Mo\u017cna\u00a0 np. zje\u015b\u0107 befsztyk z toska\u0144skiej wo\u0142owiny ale tak\u017ce\u00a0 i z bawo\u0142\u00f3w, kt\u00f3re mieszkaj\u0105 tu\u017c za miastem.<\/p>\n<p>Desery klasyczne czyli tiramisu, panna cotta i sorbety.<\/p>\n<p>Na koniec wa\u017cna informacja: rachunki nigdy nie przekracza\u0142y 100 euro mimo, \u017ce by\u0142o nas troje, objadali\u015bmy si\u0119 nadzwyczajnie i zamawiali\u015bmy wina markowe z karty. Ceny da\u0144 bowiem kszta\u0142towa\u0142y si\u0119 w okolicach 10 &#8211; 15 euro. Wina za\u015b w granicach 15\u00a0&#8211; 20 euro.<\/p>\n<p>Dzi\u015b\u00a0pokazuj\u0119 jak to wygl\u0105da\u0142o na talerzach a w nast\u0119pnym odcinku zaprezentuj\u0119 naszych nowych przyjaci\u00f3\u0142 czyli w\u0142a\u015bcicieli i pracownik\u00f3w &#8222;Zi Fiore&#8221;.<\/p>\n<p>\u00a0<\/p>\n","protected":false},"excerpt":{"rendered":"<p>Pizza Margherita w kszta\u0142cie myszki czyli topolino to danie dzieci\u0119ce Dzi\u015b b\u0119dzie wi\u0119cej zdj\u0119\u0107 ni\u017c tekstu. Fotografie potraw s\u0105 na og\u00f3\u0142 bardziej wymowne ni\u017c najwi\u0119ksze nawet zachwyty. Jak bowiem opowiedzie\u0107 aromat grillowanej dorady lub sma\u017conych w g\u0142\u0119bokiej oliwie rybek czy kalmar\u00f3w? A smak czy nawet kolor? Zw\u0142aszcza je\u015bli facet taki jak ja nie jest w [&hellip;]<\/p>\n","protected":false},"author":2,"featured_media":0,"comment_status":"open","ping_status":"open","sticky":false,"template":"","format":"standard","meta":{"footnotes":""},"categories":[1],"tags":[],"_links":{"self":[{"href":"https:\/\/blog.polityka.pl\/adamczewski\/wp-json\/wp\/v2\/posts\/1883"}],"collection":[{"href":"https:\/\/blog.polityka.pl\/adamczewski\/wp-json\/wp\/v2\/posts"}],"about":[{"href":"https:\/\/blog.polityka.pl\/adamczewski\/wp-json\/wp\/v2\/types\/post"}],"author":[{"embeddable":true,"href":"https:\/\/blog.polityka.pl\/adamczewski\/wp-json\/wp\/v2\/users\/2"}],"replies":[{"embeddable":true,"href":"https:\/\/blog.polityka.pl\/adamczewski\/wp-json\/wp\/v2\/comments?post=1883"}],"version-history":[{"count":0,"href":"https:\/\/blog.polityka.pl\/adamczewski\/wp-json\/wp\/v2\/posts\/1883\/revisions"}],"wp:attachment":[{"href":"https:\/\/blog.polityka.pl\/adamczewski\/wp-json\/wp\/v2\/media?parent=1883"}],"wp:term":[{"taxonomy":"category","embeddable":true,"href":"https:\/\/blog.polityka.pl\/adamczewski\/wp-json\/wp\/v2\/categories?post=1883"},{"taxonomy":"post_tag","embeddable":true,"href":"https:\/\/blog.polityka.pl\/adamczewski\/wp-json\/wp\/v2\/tags?post=1883"}],"curies":[{"name":"wp","href":"https:\/\/api.w.org\/{rel}","templated":true}]}}