
{"id":190,"date":"2007-04-11T08:00:38","date_gmt":"2007-04-11T07:00:38","guid":{"rendered":"http:\/\/adamczewski.blog.polityka.pl\/?p=190"},"modified":"2007-04-11T07:24:31","modified_gmt":"2007-04-11T06:24:31","slug":"zgadnij-co-gotujemy35","status":"publish","type":"post","link":"https:\/\/blog.polityka.pl\/adamczewski\/2007\/04\/11\/zgadnij-co-gotujemy35\/","title":{"rendered":"Zgadnij co gotujemy(35)"},"content":{"rendered":"<p>Uff! Min\u0119\u0142y \u015bwi\u0119ta. By\u0142o mi\u0142o cho\u0107 zimno i mokro ( a miejscami \u015bnie\u017cno &#8211; pozdrowienia dla marzn\u0105cych &#8211; Alicji i Jacobsky&#8217;ego) ale wraca wczesnowiosenna codzienno\u015b\u0107. A je\u015bli dzi\u015b \u015broda to mamy quiz kulinarny. Tym razem na znajomo\u015b\u0107 nazw potraw nie podawanych w dzisiejszych czasach codziennie. Po tych paru miesi\u0105cach wsp\u00f3lnie sp\u0119dzonych na pewno bez wi\u0119kszego trudu odpowiecie co to takiego:<br \/>\n1. Forszmak to&#8230;<br \/>\n2. Auszpik to&#8230;<br \/>\n3. Cwibak to&#8230;<br \/>\nI jak zwykle kto pierwszy ten lepszy. Najwcze\u015bniej przys\u0142ane trzy prawid\u0142owe odpowiedzi na adres <a href=\"mailto:internet@polityka.com.pl\">internet@polityka.com.pl<\/a>\u00a0b\u0119d\u0105 nagrodzone moj\u0105 ksi\u0105\u017ck\u0105 &#8222;Smakosz w\u0119drowny&#8221; wydan\u0105 przez oficyn\u0119 Pr\u00f3szy\u0144ski i S-ka opatrzon\u0105 autografem i dedykacj\u0105 dla zwyci\u0119zcy. Czekam wi\u0119c!<\/p>\n","protected":false},"excerpt":{"rendered":"<p>Uff! Min\u0119\u0142y \u015bwi\u0119ta. By\u0142o mi\u0142o cho\u0107 zimno i mokro ( a miejscami \u015bnie\u017cno &#8211; pozdrowienia dla marzn\u0105cych &#8211; Alicji i Jacobsky&#8217;ego) ale wraca wczesnowiosenna codzienno\u015b\u0107. A je\u015bli dzi\u015b \u015broda to mamy quiz kulinarny. Tym razem na znajomo\u015b\u0107 nazw potraw nie podawanych w dzisiejszych czasach codziennie. Po tych paru miesi\u0105cach wsp\u00f3lnie sp\u0119dzonych na pewno bez wi\u0119kszego [&hellip;]<\/p>\n","protected":false},"author":2,"featured_media":0,"comment_status":"open","ping_status":"open","sticky":false,"template":"","format":"standard","meta":{"footnotes":""},"categories":[1],"tags":[],"_links":{"self":[{"href":"https:\/\/blog.polityka.pl\/adamczewski\/wp-json\/wp\/v2\/posts\/190"}],"collection":[{"href":"https:\/\/blog.polityka.pl\/adamczewski\/wp-json\/wp\/v2\/posts"}],"about":[{"href":"https:\/\/blog.polityka.pl\/adamczewski\/wp-json\/wp\/v2\/types\/post"}],"author":[{"embeddable":true,"href":"https:\/\/blog.polityka.pl\/adamczewski\/wp-json\/wp\/v2\/users\/2"}],"replies":[{"embeddable":true,"href":"https:\/\/blog.polityka.pl\/adamczewski\/wp-json\/wp\/v2\/comments?post=190"}],"version-history":[{"count":0,"href":"https:\/\/blog.polityka.pl\/adamczewski\/wp-json\/wp\/v2\/posts\/190\/revisions"}],"wp:attachment":[{"href":"https:\/\/blog.polityka.pl\/adamczewski\/wp-json\/wp\/v2\/media?parent=190"}],"wp:term":[{"taxonomy":"category","embeddable":true,"href":"https:\/\/blog.polityka.pl\/adamczewski\/wp-json\/wp\/v2\/categories?post=190"},{"taxonomy":"post_tag","embeddable":true,"href":"https:\/\/blog.polityka.pl\/adamczewski\/wp-json\/wp\/v2\/tags?post=190"}],"curies":[{"name":"wp","href":"https:\/\/api.w.org\/{rel}","templated":true}]}}