
{"id":1901,"date":"2010-08-18T08:00:38","date_gmt":"2010-08-18T06:00:38","guid":{"rendered":"http:\/\/adamczewski.blog.polityka.pl\/?p=1901"},"modified":"2010-08-15T15:31:33","modified_gmt":"2010-08-15T13:31:33","slug":"wycieczka-w-przeszlosc","status":"publish","type":"post","link":"https:\/\/blog.polityka.pl\/adamczewski\/2010\/08\/18\/wycieczka-w-przeszlosc\/","title":{"rendered":"Wycieczka w przesz\u0142o\u015b\u0107"},"content":{"rendered":"<p>Mimo i\u015bcie w\u0142oskich\u00a0 upa\u0142\u00f3w, temperatura w cieniu naszej werandy przekracza\u0142a systematycznie 33 stopnie, wybrali\u015bmy si\u0119 z par\u0105 przyjaci\u00f3\u0142 na wycieczk\u0119 po Mazowszu. Wprawdzie w obydwu wybranych miejscach ju\u017c byli\u015bmy ale by\u0142o to dwa lub nawet wi\u0119cej lat temu, a i okolica i same zabytkowe budowle s\u0105 warte parokrotnego ogl\u0105dania. W dodatku to zaledwie godzina jazdy od naszej nadnarwia\u0144skiej wsi. Ruszamy&#8230;<\/p>\n<p>Od Pu\u0142tuska pod Ciechan\u00f3w z przyjemno\u015bci\u0105 podziwiali\u015bmy po\u017cniwny krajobraz. Przypomina on dzi\u015b obrazy malarzy abstrakcjonist\u00f3w. Na polach bowiem zamiast tradycyjnych snopk\u00f3w zestawionych po trzy w kopki le\u017c\u0105 olbrzymie walce s\u0142omy lub r\u00f3wnie wielkie sze\u015bciany. To rezultat pracy kombajn\u00f3w i pras do s\u0142omy. Dziwny to widok ale ju\u017c oswojony wi\u0119c pi\u0119kny.<\/p>\n<p>We wsiach przez kt\u00f3re przeje\u017cd\u017cali\u015bmy nie widzieli\u015bmy tradycyjnego dla mazowieckiego regionu ba\u0142aganu czy brudu. Nie by\u0142o te\u017c rozwalaj\u0105cych si\u0119 zabudowa\u0144. Ta cz\u0119\u015b\u0107 naszego kraju dogania szybko bardziej rozwini\u0119te tereny i zaczyna architektonicznie i cywilizacyjnie przypomina\u0107 Wielkopolsk\u0119.<\/p>\n<p><img loading=\"lazy\" decoding=\"async\" class=\"aligncenter size-medium wp-image-1902\" title=\"pod-zameczkiem-krasinskich-p8130467\" src=\"\/wp-content\/uploads\/2010\/08\/pod-zameczkiem-krasinskich-p8130467-300x225.jpg\" alt=\"\" width=\"300\" height=\"225\" srcset=\"\/adamczewski\/wp-content\/uploads\/2010\/08\/pod-zameczkiem-krasinskich-p8130467-300x225.jpg 300w, \/adamczewski\/wp-content\/uploads\/2010\/08\/pod-zameczkiem-krasinskich-p8130467.jpg 640w\" sizes=\"(max-width: 300px) 100vw, 300px\" \/><\/p>\n<p><em>Wej\u015bcie do zameczku w Opinog\u00f3rze<\/em><\/p>\n<p>W Opinog\u00f3rze Muzeum Romantyzmu czyli rodzinny dom Zygmunta Krasi\u0144skiego ju\u017c po remoncie. Jeszcze tylko trwa ko\u0144czenie oran\u017cerii, kt\u00f3ra b\u0119dzie jednocze\u015bnie pe\u0142ni\u0142a funkcje Sali koncertowej. A neogotycki zameczek hr Zygmunta i dw\u00f3r rodzinny ju\u017c przyjmuj\u0105 zwiedzaj\u0105cych. Sp\u0119dzili\u015bmy u hrabiostwa na pokojach p\u00f3\u0142torej godziny. Informacji udzielali nam stra\u017cnicy z ochrony Muzeum wykazuj\u0105cy si\u0119 zdumiewaj\u0105c\u0105 wiedz\u0105 na temat epoki oraz historii rodziny poety.<\/p>\n<p>Zm\u0119czeni w\u0119dr\u00f3wk\u0105 zatrzymali\u015bmy si\u0119 na chwil\u0119 w Domku ogrodnika gdzie znajduje si\u0119 kawiarnia. I tu obs\u0142uga nadzwyczaj mi\u0142a. Tyle tylko, \u017ce kawa (zw\u0142aszcza po Italii) wprost obrzydliwa. My\u015bl\u0119, \u017ce Krasi\u0144scy przewracaj\u0105 si\u0119 w grobach patrz\u0105c na krzywi\u0105cych si\u0119 go\u015bci. A przecie\u017c wystarczy kupi\u0107 dobry ekspres i r\u00f3wnie dobry gatunek kawy. To tak niewiele a jednocze\u015bnie tak du\u017co.<\/p>\n<p>Zostawili\u015bmy wi\u0119c niedopite fili\u017canki i udali\u015bmy si\u0119 do&#8230; grobowca. W ko\u015bciele (jak\u017ce pi\u0119knym) w podziemiach le\u017c\u0105 Krasi\u0144scy i ich krewni. S\u0105 tu te\u017c niezwyk\u0142ej urody p\u0142askorze\u017aby ilustruj\u0105ce idee i tematy poruszane przez Zygmunta.<\/p>\n<p>Obok za\u015b, na cmentarzu do dzi\u015b czynnym, obeszli\u015bmy stare groby towarzyszy walk napoleo\u0144skich, kt\u00f3rzy najpierw znale\u017ali przytulisko w maj\u0105tku Krasi\u0144skich a potem obok ich grob\u00f3w.<\/p>\n<p><img loading=\"lazy\" decoding=\"async\" class=\"aligncenter size-medium wp-image-1903\" title=\"golotczyzna-p8130472\" src=\"\/wp-content\/uploads\/2010\/08\/golotczyzna-p8130472-300x225.jpg\" alt=\"\" width=\"300\" height=\"225\" srcset=\"\/adamczewski\/wp-content\/uploads\/2010\/08\/golotczyzna-p8130472-300x225.jpg 300w, \/adamczewski\/wp-content\/uploads\/2010\/08\/golotczyzna-p8130472.jpg 640w\" sizes=\"(max-width: 300px) 100vw, 300px\" \/><\/p>\n<p><em>Go\u0142otczyzna &#8211; dw\u00f3r Aleksandry B\u0105kowskiej<\/em><\/p>\n<p>Z Opinog\u00f3ry w kwadrans dojechali\u015bmy do Go\u0142otczyzny, gdzie w maj\u0105tku Aleksandry B\u0105kowskiej jest Muzeum \u015awi\u0119tochowskiego. Najpierw zwiedzili\u015bmy budynek g\u0142\u00f3wny, kt\u00f3ry po\u015bwi\u0119cony jest m.in. o\u015bwiacie organizowanej przez w\u0142a\u015bcicielk\u0119 dla ch\u0142opskich c\u00f3rek oraz malarstwu. Potem za\u015b drugi dom, w kt\u00f3rym mieszka\u0142 a\u017c do \u015bmierci \u015awi\u0119tochowski. Tu najwi\u0119cej uwagi po\u015bwi\u0119cili\u015bmy precyzyjnie odtworzonej kuchni, w kt\u00f3rej g\u0142\u00f3wnym sprz\u0119tem by\u0142a lodownia domowa sprzed ponad stu lat.<\/p>\n<p><img loading=\"lazy\" decoding=\"async\" class=\"aligncenter size-medium wp-image-1904\" title=\"patefon-bakowskiej-p8130470\" src=\"\/wp-content\/uploads\/2010\/08\/patefon-bakowskiej-p8130470-300x225.jpg\" alt=\"\" width=\"300\" height=\"225\" srcset=\"\/adamczewski\/wp-content\/uploads\/2010\/08\/patefon-bakowskiej-p8130470-300x225.jpg 300w, \/adamczewski\/wp-content\/uploads\/2010\/08\/patefon-bakowskiej-p8130470.jpg 640w\" sizes=\"(max-width: 300px) 100vw, 300px\" \/><\/p>\n<p><em>Pracownik Muzeum prezentuje nam patefon na korbk\u0119 i stare p\u0142yty<\/em><\/p>\n<p>Wczesnym popo\u0142udniem, po wyj\u015bciu z kuchni \u015awi\u0119tochowskiego, postanowili\u015bmy co\u015b przek\u0105si\u0107. Najbli\u017csze restauracje by\u0142y w pobliskim Ciechanowie. Tam te\u017c zajechali\u015bmy zach\u0119ceni wielkimi przydro\u017cnymi reklamami, do &#8222;Panoramy&#8221;.\u00a0 Nie b\u0119d\u0119 relacjonowa\u0142 dok\u0142adnie tej wizyty. Kto zechce mo\u017ce zajrze\u0107 do Rankingu restauracji pod adresem\u00a0 <a href=\"http:\/\/www.polityka.pl\/spo\u0142ecze\u0144stwo\">www.polityka.pl\/spo\u0142ecze\u0144stwo<\/a>\u00a0, powiem tylko, \u017ce jedzenie by\u0142o ca\u0142kiem niez\u0142e ale sam lokal odstraszaj\u0105cy.<\/p>\n<p>Na deser wr\u00f3cili\u015bmy wi\u0119c do domu, gdzie czeka\u0142 nas przepyszny strudel jab\u0142kowy zrobiony przez Basi\u0119 i butelka lodowatego wina rose z winnicy barona Rothschilda. Po wizycie u mazowieckich hrabi\u00f3w nie wypada\u0142o odkorkowa\u0107 niczego innego.<\/p>\n","protected":false},"excerpt":{"rendered":"<p>Mimo i\u015bcie w\u0142oskich\u00a0 upa\u0142\u00f3w, temperatura w cieniu naszej werandy przekracza\u0142a systematycznie 33 stopnie, wybrali\u015bmy si\u0119 z par\u0105 przyjaci\u00f3\u0142 na wycieczk\u0119 po Mazowszu. Wprawdzie w obydwu wybranych miejscach ju\u017c byli\u015bmy ale by\u0142o to dwa lub nawet wi\u0119cej lat temu, a i okolica i same zabytkowe budowle s\u0105 warte parokrotnego ogl\u0105dania. W dodatku to zaledwie godzina jazdy [&hellip;]<\/p>\n","protected":false},"author":2,"featured_media":0,"comment_status":"open","ping_status":"open","sticky":false,"template":"","format":"standard","meta":{"footnotes":""},"categories":[1],"tags":[],"_links":{"self":[{"href":"https:\/\/blog.polityka.pl\/adamczewski\/wp-json\/wp\/v2\/posts\/1901"}],"collection":[{"href":"https:\/\/blog.polityka.pl\/adamczewski\/wp-json\/wp\/v2\/posts"}],"about":[{"href":"https:\/\/blog.polityka.pl\/adamczewski\/wp-json\/wp\/v2\/types\/post"}],"author":[{"embeddable":true,"href":"https:\/\/blog.polityka.pl\/adamczewski\/wp-json\/wp\/v2\/users\/2"}],"replies":[{"embeddable":true,"href":"https:\/\/blog.polityka.pl\/adamczewski\/wp-json\/wp\/v2\/comments?post=1901"}],"version-history":[{"count":0,"href":"https:\/\/blog.polityka.pl\/adamczewski\/wp-json\/wp\/v2\/posts\/1901\/revisions"}],"wp:attachment":[{"href":"https:\/\/blog.polityka.pl\/adamczewski\/wp-json\/wp\/v2\/media?parent=1901"}],"wp:term":[{"taxonomy":"category","embeddable":true,"href":"https:\/\/blog.polityka.pl\/adamczewski\/wp-json\/wp\/v2\/categories?post=1901"},{"taxonomy":"post_tag","embeddable":true,"href":"https:\/\/blog.polityka.pl\/adamczewski\/wp-json\/wp\/v2\/tags?post=1901"}],"curies":[{"name":"wp","href":"https:\/\/api.w.org\/{rel}","templated":true}]}}