
{"id":1905,"date":"2010-08-19T08:00:38","date_gmt":"2010-08-19T06:00:38","guid":{"rendered":"http:\/\/adamczewski.blog.polityka.pl\/?p=1905"},"modified":"2010-08-19T09:42:54","modified_gmt":"2010-08-19T07:42:54","slug":"pamietasz-capri-te-wyspe-kochankow%e2%80%a6","status":"publish","type":"post","link":"https:\/\/blog.polityka.pl\/adamczewski\/2010\/08\/19\/pamietasz-capri-te-wyspe-kochankow%e2%80%a6\/","title":{"rendered":"Pami\u0119tasz Capri t\u0119 wysp\u0119 kochank\u00f3w?&#8230;"},"content":{"rendered":"<p><a href=\"\/wp-content\/uploads\/2010\/08\/na-capri-p7290345.jpg\"><img loading=\"lazy\" decoding=\"async\" class=\"aligncenter size-medium wp-image-1913\" title=\"na-capri-p7290345\" src=\"\/wp-content\/uploads\/2010\/08\/na-capri-p7290345-300x225.jpg\" alt=\"\" width=\"300\" height=\"225\" srcset=\"\/adamczewski\/wp-content\/uploads\/2010\/08\/na-capri-p7290345-300x225.jpg 300w, \/adamczewski\/wp-content\/uploads\/2010\/08\/na-capri-p7290345.jpg 640w\" sizes=\"(max-width: 300px) 100vw, 300px\" \/><\/a><\/p>\n<p>Pami\u0119tam, oczywi\u015bcie, \u017ce pami\u0119tam. Zw\u0142aszcza, ze tak niewiele czasu up\u0142yn\u0119\u0142o od momentu gdy z Basi\u0105 i Zuzi\u0105 w\u0119drowali\u015bmy po stromych uliczkach miasteczka. Napawali\u015bmy si\u0119 widokiem jacht\u00f3w na morzu, pi\u0119knym ogrodem cesarza Augusta utrzymywanym dzi\u0119ki pieni\u0105dzom Kruppa, kamienist\u0105 pla\u017c\u0105 tu\u017c przy porcie i ruinami pozosta\u0142ymi po willi Tyberiusza.<\/p>\n<p><img loading=\"lazy\" decoding=\"async\" class=\"aligncenter size-medium wp-image-1906\" title=\"capri-nie-widac-czasp7290304\" src=\"\/wp-content\/uploads\/2010\/08\/capri-nie-widac-czasp7290304-300x225.jpg\" alt=\"\" width=\"300\" height=\"225\" srcset=\"\/adamczewski\/wp-content\/uploads\/2010\/08\/capri-nie-widac-czasp7290304-300x225.jpg 300w, \/adamczewski\/wp-content\/uploads\/2010\/08\/capri-nie-widac-czasp7290304.jpg 640w\" sizes=\"(max-width: 300px) 100vw, 300px\" \/><\/p>\n<p><em>Widok ze statku w drodze na Capri<\/em><\/p>\n<p>Pi\u0119kna te\u017c by\u0142a droga, kt\u00f3r\u0105 przebyli\u015bmy statkiem z Salerno. Widok na Amalfi, Positano i inne miasteczka le\u017c\u0105ce na l\u0105dzie po\u015br\u00f3d ska\u0142 jest niezapomniany. Barbara, mimo k\u0142opot\u00f3w z b\u0142\u0119dnikiem i sk\u0142onno\u015bci do choroby morskiej, ani przez chwil\u0119 nie schodzi\u0142a z g\u00f3rnego pok\u0142adu, by nie uroni\u0107 widoku \u017cadnej wysepki, ani \u017cadnej willi czy winnicy. Emocje pozwoli\u0142y przezwyci\u0119\u017cy\u0107 k\u0142opoty organizmu.<\/p>\n<p><img loading=\"lazy\" decoding=\"async\" class=\"aligncenter size-medium wp-image-1908\" title=\"capri-od-strony-morza-p7290314-2\" src=\"\/wp-content\/uploads\/2010\/08\/capri-od-strony-morza-p7290314-2-300x225.jpg\" alt=\"\" width=\"300\" height=\"225\" srcset=\"\/adamczewski\/wp-content\/uploads\/2010\/08\/capri-od-strony-morza-p7290314-2-300x225.jpg 300w, \/adamczewski\/wp-content\/uploads\/2010\/08\/capri-od-strony-morza-p7290314-2.jpg 640w\" sizes=\"(max-width: 300px) 100vw, 300px\" \/><\/p>\n<p><em>I ju\u017c jeste\u015bmy, wp\u0142ywamu do portu<\/em><\/p>\n<p>Potem kawa na tarasie jednego z hoteli (pi\u0119ciokrotnie dro\u017csza ni\u017c na sta\u0142ym l\u0105dzie czyli w naszym Paestum).No i te kalmary z frytury podane w knajpce portowej! S\u0142owem Capri to raj! Ale nawet raj miewa rysy i p\u0119kni\u0119cia.<\/p>\n<p><img loading=\"lazy\" decoding=\"async\" class=\"aligncenter size-medium wp-image-1911\" title=\"capri-stragan-owocowy-p7290358\" src=\"\/wp-content\/uploads\/2010\/08\/capri-stragan-owocowy-p7290358-300x225.jpg\" alt=\"\" width=\"300\" height=\"225\" srcset=\"\/adamczewski\/wp-content\/uploads\/2010\/08\/capri-stragan-owocowy-p7290358-300x225.jpg 300w, \/adamczewski\/wp-content\/uploads\/2010\/08\/capri-stragan-owocowy-p7290358.jpg 640w\" sizes=\"(max-width: 300px) 100vw, 300px\" \/><\/p>\n<p><img loading=\"lazy\" decoding=\"async\" class=\"aligncenter size-medium wp-image-1909\" title=\"capri-kwitnace-p7290363\" src=\"\/wp-content\/uploads\/2010\/08\/capri-kwitnace-p7290363-225x300.jpg\" alt=\"\" width=\"225\" height=\"300\" srcset=\"\/adamczewski\/wp-content\/uploads\/2010\/08\/capri-kwitnace-p7290363-225x300.jpg 225w, \/adamczewski\/wp-content\/uploads\/2010\/08\/capri-kwitnace-p7290363.jpg 360w\" sizes=\"(max-width: 225px) 100vw, 225px\" \/><\/p>\n<p>Pierwsza rysa to t\u0142ok na uliczkach, w kawiarniach, na pla\u017cy\u00a0&#8211; wsz\u0119dzie. Tysi\u0105ce turyst\u00f3w, kt\u00f3rych dowo\u017c\u0105 tu promy, statki spacerowe i prywatne jachty tworz\u0105 taki t\u0142um, \u017ce szybko cz\u0142ek my\u015bli jak si\u0119 st\u0105d wydosta\u0107.<br \/>\nDruga za\u015b to w\u0142a\u015bnie ceny. Jest rynek, s\u0105 klienci\u00a0&#8211; to i ceny szybuj\u0105 wy\u017cej ni\u017c lataj\u0105 tutejsze mewy. No c\u00f3\u017c luksus cesarski musi kosztowa\u0107. Tak wi\u0119c na kolacj\u0119 wr\u00f3cili\u015bmy na sta\u0142y l\u0105d. S\u0105 bowiem granice rozrzutno\u015bci, kt\u00f3rych staram si\u0119 (bez potrzeby) nie przekracza\u0107.<\/p>\n<p><img loading=\"lazy\" decoding=\"async\" class=\"aligncenter size-medium wp-image-1912\" title=\"capri-karmi-calmarami-p7290364\" src=\"\/wp-content\/uploads\/2010\/08\/capri-karmi-calmarami-p7290364-225x300.jpg\" alt=\"\" width=\"225\" height=\"300\" srcset=\"\/adamczewski\/wp-content\/uploads\/2010\/08\/capri-karmi-calmarami-p7290364-225x300.jpg 225w, \/adamczewski\/wp-content\/uploads\/2010\/08\/capri-karmi-calmarami-p7290364.jpg 480w\" sizes=\"(max-width: 225px) 100vw, 225px\" \/><\/p>\n<p><img loading=\"lazy\" decoding=\"async\" class=\"aligncenter size-medium wp-image-1910\" title=\"capri-handlowe-p7290353\" src=\"\/wp-content\/uploads\/2010\/08\/capri-handlowe-p7290353-300x225.jpg\" alt=\"\" width=\"300\" height=\"225\" srcset=\"\/adamczewski\/wp-content\/uploads\/2010\/08\/capri-handlowe-p7290353-300x225.jpg 300w, \/adamczewski\/wp-content\/uploads\/2010\/08\/capri-handlowe-p7290353.jpg 640w\" sizes=\"(max-width: 300px) 100vw, 300px\" \/><\/p>\n<p>Z Capri zosta\u0142y wi\u0119c tylko zdj\u0119cia i wspomnienia.<\/p>\n<p>\u00a0<\/p>\n","protected":false},"excerpt":{"rendered":"<p>Pami\u0119tam, oczywi\u015bcie, \u017ce pami\u0119tam. Zw\u0142aszcza, ze tak niewiele czasu up\u0142yn\u0119\u0142o od momentu gdy z Basi\u0105 i Zuzi\u0105 w\u0119drowali\u015bmy po stromych uliczkach miasteczka. Napawali\u015bmy si\u0119 widokiem jacht\u00f3w na morzu, pi\u0119knym ogrodem cesarza Augusta utrzymywanym dzi\u0119ki pieni\u0105dzom Kruppa, kamienist\u0105 pla\u017c\u0105 tu\u017c przy porcie i ruinami pozosta\u0142ymi po willi Tyberiusza. Widok ze statku w drodze na Capri Pi\u0119kna [&hellip;]<\/p>\n","protected":false},"author":2,"featured_media":0,"comment_status":"open","ping_status":"open","sticky":false,"template":"","format":"standard","meta":{"footnotes":""},"categories":[1],"tags":[],"_links":{"self":[{"href":"https:\/\/blog.polityka.pl\/adamczewski\/wp-json\/wp\/v2\/posts\/1905"}],"collection":[{"href":"https:\/\/blog.polityka.pl\/adamczewski\/wp-json\/wp\/v2\/posts"}],"about":[{"href":"https:\/\/blog.polityka.pl\/adamczewski\/wp-json\/wp\/v2\/types\/post"}],"author":[{"embeddable":true,"href":"https:\/\/blog.polityka.pl\/adamczewski\/wp-json\/wp\/v2\/users\/2"}],"replies":[{"embeddable":true,"href":"https:\/\/blog.polityka.pl\/adamczewski\/wp-json\/wp\/v2\/comments?post=1905"}],"version-history":[{"count":0,"href":"https:\/\/blog.polityka.pl\/adamczewski\/wp-json\/wp\/v2\/posts\/1905\/revisions"}],"wp:attachment":[{"href":"https:\/\/blog.polityka.pl\/adamczewski\/wp-json\/wp\/v2\/media?parent=1905"}],"wp:term":[{"taxonomy":"category","embeddable":true,"href":"https:\/\/blog.polityka.pl\/adamczewski\/wp-json\/wp\/v2\/categories?post=1905"},{"taxonomy":"post_tag","embeddable":true,"href":"https:\/\/blog.polityka.pl\/adamczewski\/wp-json\/wp\/v2\/tags?post=1905"}],"curies":[{"name":"wp","href":"https:\/\/api.w.org\/{rel}","templated":true}]}}