
{"id":1914,"date":"2010-08-20T08:00:51","date_gmt":"2010-08-20T06:00:51","guid":{"rendered":"http:\/\/adamczewski.blog.polityka.pl\/?p=1914"},"modified":"2010-08-17T15:24:12","modified_gmt":"2010-08-17T13:24:12","slug":"przecinka","status":"publish","type":"post","link":"https:\/\/blog.polityka.pl\/adamczewski\/2010\/08\/20\/przecinka\/","title":{"rendered":"Przecinka"},"content":{"rendered":"<p>Nie przecinek lecz przecinka. Specjalista \u0142\u0105cz\u0105cy w swych umiej\u0119tno\u015bciach wspinaczk\u0119 wysokog\u00f3rsk\u0105 ze robot\u0105 drwala i wiedz\u0105 dendrologa zrobi\u0142 u nas w\u0142a\u015bnie przecink\u0119.<br \/>\nZachcia\u0142o si\u0119 Basi prawdziwego trawnika wok\u00f3\u0142 werandy. Przysz\u0142a pani z pobliskiego Centrum Ogrodniczego w Grab\u00f3wcu i orzek\u0142a. Bez przecinki ani rusz. I poleci\u0142a pana Wojciecha Stalmacha z pobliskiej Jachranki. Pan Wojtek okaza\u0142 si\u0119 \u015bwietnym fachowcem dzia\u0142aj\u0105cym punktualnie, solidnie i bardzo fachowo.<\/p>\n<p><img loading=\"lazy\" decoding=\"async\" class=\"aligncenter size-medium wp-image-1915\" title=\"poczatek-roboty-p8100463\" src=\"\/wp-content\/uploads\/2010\/08\/poczatek-roboty-p8100463-300x225.jpg\" alt=\"\" width=\"300\" height=\"225\" srcset=\"\/adamczewski\/wp-content\/uploads\/2010\/08\/poczatek-roboty-p8100463-300x225.jpg 300w, \/adamczewski\/wp-content\/uploads\/2010\/08\/poczatek-roboty-p8100463.jpg 640w\" sizes=\"(max-width: 300px) 100vw, 300px\" \/><\/p>\n<p>Przyjechali z samego rana, obejrzeli teren i orzekli: to wyci\u0105\u0107, i to wyci\u0105\u0107, a to zdecydowanie wyci\u0105\u0107. Reszt\u0119 przerzedzi\u0107 i przystrzyc usuwaj\u0105c suche zb\u0119dne ga\u0142\u0119zie.<\/p>\n<p><img loading=\"lazy\" decoding=\"async\" class=\"aligncenter size-medium wp-image-1916\" title=\"na-drzewie-p8100459\" src=\"\/wp-content\/uploads\/2010\/08\/na-drzewie-p8100459-300x225.jpg\" alt=\"\" width=\"300\" height=\"225\" srcset=\"\/adamczewski\/wp-content\/uploads\/2010\/08\/na-drzewie-p8100459-300x225.jpg 300w, \/adamczewski\/wp-content\/uploads\/2010\/08\/na-drzewie-p8100459.jpg 640w\" sizes=\"(max-width: 300px) 100vw, 300px\" \/><\/p>\n<p>Przez trzy godziny je\u017adzili na linach po modrzewiach i sosnach. Wybrane drzewa pada\u0142y precyzyjnie tam gdzie chcieli nie \u0142ami\u0105c nic po drodze. Drewno poci\u0119li, zjedli drugie \u015bniadanie i wypili kaw\u0119. Zainkasowali okr\u0105g\u0142\u0105 sum\u0119 i wyjechali. Ich wizyta przypomnia\u0142a nam dawno nie u\u017cywany przepis nazwany przez Francuz\u00f3w &#8222;Jaja drwala&#8221;. Warto wi\u0119c go odkurzy\u0107 i poda\u0107:<\/p>\n<p><em>8 jaj, 8 grzanek z bu\u0142ki, 10 dag szynki lub boczku, 6 dag mas\u0142a, s\u00f3l, pieprz<\/em><br \/>\n\u017baroodporne naczynie wysmarowa\u0107 mas\u0142em. Dno wy\u0142o\u017cy\u0107 usma\u017conymi na ma\u015ble grzankami. Przykry\u0107 szynk\u0105 lub boczkiem. Ubi\u0107 pian\u0119 z bia\u0142ek i przykry\u0107 grzanki. Zrobi\u0107 dziurki w pianie i wla\u0107 w nie \u017c\u00f3\u0142tka. Piec w gor\u0105cym piekarniku 6 &#8211; 8 minut.<\/p>\n<p><img loading=\"lazy\" decoding=\"async\" class=\"aligncenter size-medium wp-image-1917\" title=\"przerwa-p8100465\" src=\"\/wp-content\/uploads\/2010\/08\/przerwa-p8100465-300x225.jpg\" alt=\"\" width=\"300\" height=\"225\" srcset=\"\/adamczewski\/wp-content\/uploads\/2010\/08\/przerwa-p8100465-300x225.jpg 300w, \/adamczewski\/wp-content\/uploads\/2010\/08\/przerwa-p8100465.jpg 640w\" sizes=\"(max-width: 300px) 100vw, 300px\" \/><br \/>\nTeraz czekamy na pani\u0105 Olg\u0119 i jej pracownik\u00f3w, by za\u0142o\u017cyli trawnik, kt\u00f3ry po czterystu latach strzy\u017cenia b\u0119dzie jak w ogrodzie pod Pa\u0142acem Buckingham.<\/p>\n<p>\u00a0<\/p>\n","protected":false},"excerpt":{"rendered":"<p>Nie przecinek lecz przecinka. Specjalista \u0142\u0105cz\u0105cy w swych umiej\u0119tno\u015bciach wspinaczk\u0119 wysokog\u00f3rsk\u0105 ze robot\u0105 drwala i wiedz\u0105 dendrologa zrobi\u0142 u nas w\u0142a\u015bnie przecink\u0119. Zachcia\u0142o si\u0119 Basi prawdziwego trawnika wok\u00f3\u0142 werandy. Przysz\u0142a pani z pobliskiego Centrum Ogrodniczego w Grab\u00f3wcu i orzek\u0142a. Bez przecinki ani rusz. I poleci\u0142a pana Wojciecha Stalmacha z pobliskiej Jachranki. Pan Wojtek okaza\u0142 si\u0119 [&hellip;]<\/p>\n","protected":false},"author":2,"featured_media":0,"comment_status":"open","ping_status":"open","sticky":false,"template":"","format":"standard","meta":{"footnotes":""},"categories":[1],"tags":[],"_links":{"self":[{"href":"https:\/\/blog.polityka.pl\/adamczewski\/wp-json\/wp\/v2\/posts\/1914"}],"collection":[{"href":"https:\/\/blog.polityka.pl\/adamczewski\/wp-json\/wp\/v2\/posts"}],"about":[{"href":"https:\/\/blog.polityka.pl\/adamczewski\/wp-json\/wp\/v2\/types\/post"}],"author":[{"embeddable":true,"href":"https:\/\/blog.polityka.pl\/adamczewski\/wp-json\/wp\/v2\/users\/2"}],"replies":[{"embeddable":true,"href":"https:\/\/blog.polityka.pl\/adamczewski\/wp-json\/wp\/v2\/comments?post=1914"}],"version-history":[{"count":0,"href":"https:\/\/blog.polityka.pl\/adamczewski\/wp-json\/wp\/v2\/posts\/1914\/revisions"}],"wp:attachment":[{"href":"https:\/\/blog.polityka.pl\/adamczewski\/wp-json\/wp\/v2\/media?parent=1914"}],"wp:term":[{"taxonomy":"category","embeddable":true,"href":"https:\/\/blog.polityka.pl\/adamczewski\/wp-json\/wp\/v2\/categories?post=1914"},{"taxonomy":"post_tag","embeddable":true,"href":"https:\/\/blog.polityka.pl\/adamczewski\/wp-json\/wp\/v2\/tags?post=1914"}],"curies":[{"name":"wp","href":"https:\/\/api.w.org\/{rel}","templated":true}]}}