
{"id":1941,"date":"2010-09-07T08:00:21","date_gmt":"2010-09-07T06:00:21","guid":{"rendered":"http:\/\/adamczewski.blog.polityka.pl\/?p=1941"},"modified":"2010-09-06T18:06:00","modified_gmt":"2010-09-06T16:06:00","slug":"do-zobaczenia-w-przyszlym-roku","status":"publish","type":"post","link":"https:\/\/blog.polityka.pl\/adamczewski\/2010\/09\/07\/do-zobaczenia-w-przyszlym-roku\/","title":{"rendered":"Do zobaczenia w przysz\u0142ym roku"},"content":{"rendered":"<p>Ufff!\u00a0&#8211; to d\u017awi\u0119k, kt\u00f3ry mo\u017ce chyba wyda\u0107 z siebie Stara \u017baba. Najazd Hun\u00f3w (chyba!?) ju\u017c si\u0119 sko\u0144czy\u0142. Ale kto\u015b, kto hoduje kilkadziesi\u0105t (chyba p\u00f3\u0142 setki) koni, sfor\u0119 ps\u00f3w i mieszka z dala od ludzkich zabudowa\u0144, po\u015br\u00f3d dziczyzny, kt\u00f3ra czasem wpada do jej kuchni i na st\u00f3\u0142, jest w stanie zdzier\u017cy\u0107 nie takie naloty.<br \/>\nEwa by\u0142a wspania\u0142\u0105 gospodyni\u0105 pod ka\u017cdym wzgl\u0119dem. A \u017babie B\u0142ota jeszcze wypi\u0119knia\u0142y od ubieg\u0142ego roku. No i s\u0105 bardzo rozleg\u0142e. To przecie\u017c kilkadziesi\u0105t hektar\u00f3w. Ale Zjazd koncentruje si\u0119 pod drzewami obok dworku. Tam jest ognisko, na kt\u00f3rym Alain zwykle piecze swoje pstr\u0105gi. Tym razem \u0142owi\u0142 je z Cichalem i dlatego by\u0142y znacznie mniejsze ni\u017c te ubieg\u0142oroczne. Cichal nie mo\u017ce bowiem d\u017awiga\u0107 ci\u0119\u017car\u00f3w. Szklaneczki z trunkami za\u015b podnosi zgrabnie i bez k\u0142opot\u00f3w.<\/p>\n<p><img loading=\"lazy\" decoding=\"async\" class=\"aligncenter size-medium wp-image-1942\" title=\"zabie-blota-ewa-i-konie\" src=\"\/wp-content\/uploads\/2010\/09\/zabie-blota-ewa-i-konie-300x225.jpg\" alt=\"\" width=\"300\" height=\"225\" srcset=\"\/adamczewski\/wp-content\/uploads\/2010\/09\/zabie-blota-ewa-i-konie-300x225.jpg 300w, \/adamczewski\/wp-content\/uploads\/2010\/09\/zabie-blota-ewa-i-konie.jpg 640w\" sizes=\"(max-width: 300px) 100vw, 300px\" \/><\/p>\n<p><em>Ewa (czyli \u017baba) i jej konie&#8230;<\/em><\/p>\n<p>Jak ju\u017c donie\u015bli liczni korespondenci w tym roku na stole kr\u00f3lowa\u0142a dziczyzna w r\u00f3\u017cnej postaci. A ka\u017cde danie na kulinarnego Nobla.<\/p>\n<p><img loading=\"lazy\" decoding=\"async\" class=\"aligncenter size-medium wp-image-1943\" title=\"zabie-blota-ewa-konie-psy\" src=\"\/wp-content\/uploads\/2010\/09\/zabie-blota-ewa-konie-psy-300x225.jpg\" alt=\"\" width=\"300\" height=\"225\" srcset=\"\/adamczewski\/wp-content\/uploads\/2010\/09\/zabie-blota-ewa-konie-psy-300x225.jpg 300w, \/adamczewski\/wp-content\/uploads\/2010\/09\/zabie-blota-ewa-konie-psy.jpg 640w\" sizes=\"(max-width: 300px) 100vw, 300px\" \/><\/p>\n<p><em>&#8230; oraz psy<\/em><\/p>\n<p>By\u0142y oczywi\u015bcie i ciasta ale znikn\u0119\u0142y jeszcze przed daniami g\u0142\u00f3wnymi. Tak si\u0119 jada w Krakowskiem i na \u015al\u0105sku\u00a0&#8211; najpierw torty, potem piecze\u0144. A tu mimo, \u017ce Zjazd Mi\u0119dzynarodowy, to liczna reprezentacja z Krakowa nadawa\u0142 ton przy stole.<\/p>\n<p><img loading=\"lazy\" decoding=\"async\" class=\"aligncenter size-medium wp-image-1944\" title=\"zabie-blota-w-stajni\" src=\"\/wp-content\/uploads\/2010\/09\/zabie-blota-w-stajni-300x225.jpg\" alt=\"\" width=\"300\" height=\"225\" srcset=\"\/adamczewski\/wp-content\/uploads\/2010\/09\/zabie-blota-w-stajni-300x225.jpg 300w, \/adamczewski\/wp-content\/uploads\/2010\/09\/zabie-blota-w-stajni.jpg 640w\" sizes=\"(max-width: 300px) 100vw, 300px\" \/><\/p>\n<p><em>W stajni z Basi\u0105<\/em><\/p>\n<p>Nie b\u0119d\u0119 si\u0119 rozpisywa\u0142, bo ka\u017cdy powinien doda\u0107 co\u015b od siebie. Poka\u017c\u0119 wi\u0119c kilka zdj\u0119\u0107 i wszystkich zjazdowicz\u00f3w i tych, kt\u00f3rzy b\u0119d\u0105 dopiero zjazdowiczami serdecznie wy\u015bciskam (tak\u017ce w imieniu Basi).<br \/>\nDodam tylko, \u017ce brak by\u0142o reprezentacji Austrii (z zaprzyja\u017anion\u0105 Warszaw\u0105) i Francji ( kt\u00f3ra podejmowa\u0142a Nisi\u0119) oraz prawdziwych Kurpi (a nie podrabianych jak my). By\u0142y za\u015b dwa nowe stad\u0142a ma\u0142\u017ce\u0144skie czyli Stanis\u0142aw i Cichal z \u017conami, kt\u00f3re jak s\u0142ycha\u0107 ju\u017c po\u0142kn\u0119\u0142y blogowego bakcyla czyli rodzina nam si\u0119 rozrasta. To cieszy.<\/p>\n<p><em>Ni\u017cej: panie przy ognisku<\/em><\/p>\n<p><img loading=\"lazy\" decoding=\"async\" class=\"aligncenter size-medium wp-image-1947\" title=\"zabie-blota-przy-ognisku-2\" src=\"\/wp-content\/uploads\/2010\/09\/zabie-blota-przy-ognisku-2-300x225.jpg\" alt=\"\" width=\"300\" height=\"225\" srcset=\"\/adamczewski\/wp-content\/uploads\/2010\/09\/zabie-blota-przy-ognisku-2-300x225.jpg 300w, \/adamczewski\/wp-content\/uploads\/2010\/09\/zabie-blota-przy-ognisku-2.jpg 640w\" sizes=\"(max-width: 300px) 100vw, 300px\" \/><\/p>\n<p><img loading=\"lazy\" decoding=\"async\" class=\"aligncenter size-medium wp-image-1945\" title=\"zabie-blota-cichale-i-inni\" src=\"\/wp-content\/uploads\/2010\/09\/zabie-blota-cichale-i-inni-300x225.jpg\" alt=\"\" width=\"300\" height=\"225\" srcset=\"\/adamczewski\/wp-content\/uploads\/2010\/09\/zabie-blota-cichale-i-inni-300x225.jpg 300w, \/adamczewski\/wp-content\/uploads\/2010\/09\/zabie-blota-cichale-i-inni.jpg 640w\" sizes=\"(max-width: 300px) 100vw, 300px\" \/><\/p>\n<p><em>Tu &#8211; prawdziwie mi\u0119dzykontynentalne towarzystwo<\/em><\/p>\n<p><em><img loading=\"lazy\" decoding=\"async\" class=\"aligncenter size-medium wp-image-1946\" title=\"zabie-blota-i-delegacja-trojmiasta\" src=\"\/wp-content\/uploads\/2010\/09\/zabie-blota-i-delegacja-trojmiasta-300x225.jpg\" alt=\"\" width=\"300\" height=\"225\" srcset=\"\/adamczewski\/wp-content\/uploads\/2010\/09\/zabie-blota-i-delegacja-trojmiasta-300x225.jpg 300w, \/adamczewski\/wp-content\/uploads\/2010\/09\/zabie-blota-i-delegacja-trojmiasta.jpg 640w\" sizes=\"(max-width: 300px) 100vw, 300px\" \/><\/em><\/p>\n<p><em>A to pe\u0142na delegacja Tr\u00f3jmiasta i Hanoweru&#8230;<\/em><\/p>\n<p><img loading=\"lazy\" decoding=\"async\" class=\"aligncenter size-medium wp-image-1948\" title=\"zabie-blota-towarzystwp\" src=\"\/wp-content\/uploads\/2010\/09\/zabie-blota-towarzystwp-300x225.jpg\" alt=\"\" width=\"300\" height=\"225\" srcset=\"\/adamczewski\/wp-content\/uploads\/2010\/09\/zabie-blota-towarzystwp-300x225.jpg 300w, \/adamczewski\/wp-content\/uploads\/2010\/09\/zabie-blota-towarzystwp.jpg 640w\" sizes=\"(max-width: 300px) 100vw, 300px\" \/><\/p>\n<p><em>&#8230;i Kanady, Francji oraz Polski<\/em><\/p>\n<p>\u017babo i ca\u0142a pozosta\u0142a blogowa bando: DO ZOBACZENIA! Za rok.<\/p>\n<p>\u00a0<\/p>\n","protected":false},"excerpt":{"rendered":"<p>Ufff!\u00a0&#8211; to d\u017awi\u0119k, kt\u00f3ry mo\u017ce chyba wyda\u0107 z siebie Stara \u017baba. Najazd Hun\u00f3w (chyba!?) ju\u017c si\u0119 sko\u0144czy\u0142. Ale kto\u015b, kto hoduje kilkadziesi\u0105t (chyba p\u00f3\u0142 setki) koni, sfor\u0119 ps\u00f3w i mieszka z dala od ludzkich zabudowa\u0144, po\u015br\u00f3d dziczyzny, kt\u00f3ra czasem wpada do jej kuchni i na st\u00f3\u0142, jest w stanie zdzier\u017cy\u0107 nie takie naloty. Ewa by\u0142a [&hellip;]<\/p>\n","protected":false},"author":2,"featured_media":0,"comment_status":"open","ping_status":"open","sticky":false,"template":"","format":"standard","meta":{"footnotes":""},"categories":[1],"tags":[],"_links":{"self":[{"href":"https:\/\/blog.polityka.pl\/adamczewski\/wp-json\/wp\/v2\/posts\/1941"}],"collection":[{"href":"https:\/\/blog.polityka.pl\/adamczewski\/wp-json\/wp\/v2\/posts"}],"about":[{"href":"https:\/\/blog.polityka.pl\/adamczewski\/wp-json\/wp\/v2\/types\/post"}],"author":[{"embeddable":true,"href":"https:\/\/blog.polityka.pl\/adamczewski\/wp-json\/wp\/v2\/users\/2"}],"replies":[{"embeddable":true,"href":"https:\/\/blog.polityka.pl\/adamczewski\/wp-json\/wp\/v2\/comments?post=1941"}],"version-history":[{"count":0,"href":"https:\/\/blog.polityka.pl\/adamczewski\/wp-json\/wp\/v2\/posts\/1941\/revisions"}],"wp:attachment":[{"href":"https:\/\/blog.polityka.pl\/adamczewski\/wp-json\/wp\/v2\/media?parent=1941"}],"wp:term":[{"taxonomy":"category","embeddable":true,"href":"https:\/\/blog.polityka.pl\/adamczewski\/wp-json\/wp\/v2\/categories?post=1941"},{"taxonomy":"post_tag","embeddable":true,"href":"https:\/\/blog.polityka.pl\/adamczewski\/wp-json\/wp\/v2\/tags?post=1941"}],"curies":[{"name":"wp","href":"https:\/\/api.w.org\/{rel}","templated":true}]}}