
{"id":195,"date":"2007-04-18T07:00:29","date_gmt":"2007-04-18T06:00:29","guid":{"rendered":"http:\/\/adamczewski.blog.polityka.pl\/?p=195"},"modified":"2007-04-16T11:40:04","modified_gmt":"2007-04-16T10:40:04","slug":"zgadnij-co-gotujemy36","status":"publish","type":"post","link":"https:\/\/blog.polityka.pl\/adamczewski\/2007\/04\/18\/zgadnij-co-gotujemy36\/","title":{"rendered":"Zgadnij co gotujemy?(36)"},"content":{"rendered":"<p>Znalaz\u0142em w mojej przepastnej &#8211; jak si\u0119 okaza\u0142o &#8211; szufladzie jeszcze dwa egzemplarze historii &#8222;Polityki&#8221; czyli ksi\u0105\u017cki Wies\u0142awa W\u0142adyki napisanej na 50-lecie tygodnika. Przez kolejne dwie \u015brody w\u0142a\u015bnie ta ksi\u0105\u017cka b\u0119dzie nagrod\u0105 w naszej cotygodniowej zabawie. Opr\u00f3cz dedykacji i mojego podpisu b\u0119d\u0105 autografy tych redakcyjnych koleg\u00f3w, kt\u00f3rzy akurat b\u0119d\u0105 pod r\u0119k\u0105. Po tych dw\u00f3ch tygodniach wr\u00f3cimy do tradycyjnych nagr\u00f3d czyli ksi\u0105\u017cek kulinarnych rodziny Adamczewskich. Dzi\u015b pytania o sprz\u0119t kulinarny. No to do roboty czyli wysilania m\u00f3zgownicy.<\/p>\n<p>1. Co to jest dekanter?<br \/>\n2. Do czego s\u0142u\u017c\u0105 kozio\u0142ki?<br \/>\n3. Co to jest makutra?<\/p>\n<p>Jak zwykle na trzy dobre odpowiedzi czekam pod adresem internet@polityka.com.pl<br \/>\nI oczywi\u015bcie pierwsza prawid\u0142owa odpowied\u017a na wszystkie trzy pytania wygrywa. Powodzenia!<\/p>\n","protected":false},"excerpt":{"rendered":"<p>Znalaz\u0142em w mojej przepastnej &#8211; jak si\u0119 okaza\u0142o &#8211; szufladzie jeszcze dwa egzemplarze historii &#8222;Polityki&#8221; czyli ksi\u0105\u017cki Wies\u0142awa W\u0142adyki napisanej na 50-lecie tygodnika. Przez kolejne dwie \u015brody w\u0142a\u015bnie ta ksi\u0105\u017cka b\u0119dzie nagrod\u0105 w naszej cotygodniowej zabawie. Opr\u00f3cz dedykacji i mojego podpisu b\u0119d\u0105 autografy tych redakcyjnych koleg\u00f3w, kt\u00f3rzy akurat b\u0119d\u0105 pod r\u0119k\u0105. Po tych dw\u00f3ch tygodniach [&hellip;]<\/p>\n","protected":false},"author":2,"featured_media":0,"comment_status":"open","ping_status":"open","sticky":false,"template":"","format":"standard","meta":{"footnotes":""},"categories":[1],"tags":[],"_links":{"self":[{"href":"https:\/\/blog.polityka.pl\/adamczewski\/wp-json\/wp\/v2\/posts\/195"}],"collection":[{"href":"https:\/\/blog.polityka.pl\/adamczewski\/wp-json\/wp\/v2\/posts"}],"about":[{"href":"https:\/\/blog.polityka.pl\/adamczewski\/wp-json\/wp\/v2\/types\/post"}],"author":[{"embeddable":true,"href":"https:\/\/blog.polityka.pl\/adamczewski\/wp-json\/wp\/v2\/users\/2"}],"replies":[{"embeddable":true,"href":"https:\/\/blog.polityka.pl\/adamczewski\/wp-json\/wp\/v2\/comments?post=195"}],"version-history":[{"count":0,"href":"https:\/\/blog.polityka.pl\/adamczewski\/wp-json\/wp\/v2\/posts\/195\/revisions"}],"wp:attachment":[{"href":"https:\/\/blog.polityka.pl\/adamczewski\/wp-json\/wp\/v2\/media?parent=195"}],"wp:term":[{"taxonomy":"category","embeddable":true,"href":"https:\/\/blog.polityka.pl\/adamczewski\/wp-json\/wp\/v2\/categories?post=195"},{"taxonomy":"post_tag","embeddable":true,"href":"https:\/\/blog.polityka.pl\/adamczewski\/wp-json\/wp\/v2\/tags?post=195"}],"curies":[{"name":"wp","href":"https:\/\/api.w.org\/{rel}","templated":true}]}}