
{"id":1953,"date":"2010-09-10T08:00:35","date_gmt":"2010-09-10T06:00:35","guid":{"rendered":"http:\/\/adamczewski.blog.polityka.pl\/?p=1953"},"modified":"2010-09-07T18:24:14","modified_gmt":"2010-09-07T16:24:14","slug":"festiwal-dla-lakomczuchow","status":"publish","type":"post","link":"https:\/\/blog.polityka.pl\/adamczewski\/2010\/09\/10\/festiwal-dla-lakomczuchow\/","title":{"rendered":"Festiwal dla \u0142akomczuch\u00f3w"},"content":{"rendered":"<p>Wprawdzie ta impreza odbywa si\u0119 w Warszawie ale prawdziwi smakosze na pewno na ni\u0105 si\u0119 wybior\u0105. Nawet gdy mieszkaj\u0105 poza stolic\u0105. A warto. Najpierw przytocz\u0119 par\u0119 zda\u0144 o zesz\u0142orocznej edycji festiwalu filmowego dla \u0142akomczuch\u00f3w:<\/p>\n<p>&#8222;Zainteresowanie &#8222;Food Film Fest&#8221; przeros\u0142o nasze oczekiwania. Przez 3 wieczory sala kina &#8222;Kultura&#8221; by\u0142a wype\u0142niona po brzegi. Widzom podoba\u0142y si\u0119 filmy i wydarzenia specjalne towarzysz\u0105ce pokazom, dlatego zdecydowali\u015bmy si\u0119 zorganizowa\u0107 drug\u0105 edycj\u0119 przegl\u0105du, jednak, bior\u0105c pod uwag\u0119 zesz\u0142oroczn\u0105 frekwencj\u0119, tym razem pokazy b\u0119d\u0105 odbywa\u0107 si\u0119 tak\u017ce w kinie &#8222;Rejs&#8221;. Mamy nadziej\u0119, \u017ce nasi widzowie nie b\u0119d\u0105 zawiedzeni tegoroczn\u0105 selekcj\u0105 film\u00f3w i dodatkowymi atrakcjami, kt\u00f3re dla nich szykujemy&#8221; &#8211; m\u00f3wi Ma\u0142gorzata Seck, Dyrektor Zarz\u0105dzaj\u0105ca Kuchni.tv czyli g\u0142\u00f3wnego organizatora imprezy.<\/p>\n<p>I w tym roku z Kuchnia.tv wsp\u00f3\u0142pracuje Convivium Varsavia czyli moj\u0105 macierzyst\u0105 sekcj\u0105 Slow Food. Ale o tym napisz\u0119 na ko\u0144cu. Teraz wracam do najwa\u017cniejszych informacji czyli: Co? Gdzie? Kiedy?<\/p>\n<p>W pi\u0105tek, 1 pa\u017adziernika 2010 roku rusza z\u00a0druga edycja Food Film Fest. Przegl\u0105d film\u00f3w kulinarnych, organizowany przez stacj\u0119 Kuchnia.tv, odb\u0119dzie si\u0119 w warszawskich kinach &#8222;Kultura&#8221; i &#8222;Rejs&#8221; i potrwa do niedzieli, 3 pa\u017adziernika.<\/p>\n<p>W czasie tegorocznej edycji przegl\u0105du Food Film Fest zostanie pokazanych 10 film\u00f3w z Europy, Kanady i Stan\u00f3w Zjednoczonych. Podobnie jak w zesz\u0142ym roku, pokazom b\u0119d\u0105 towarzyszy\u0142y spotkania z zaproszonymi go\u015b\u0107mi: bohaterami i tw\u00f3rcami film\u00f3w, znawcami i mi\u0142o\u015bnikami sztuki kulinarnej, a tak\u017ce pocz\u0119stunki dla widz\u00f3w zwi\u0105zane z tematyk\u0105 film\u00f3w.<\/p>\n<p>Podczas przegl\u0105du zostanie pokazany m.in. &#8222;Krew, pot i wino&#8221; w re\u017cyserii Ryana Page&#8217;a (wsp\u00f3\u0142tw\u00f3rcy animacji do filmu &#8222;Alicja w Krainie Czar\u00f3w&#8221;) i Christophera Pomerenke. Dokument ukazuje histori\u0119 uprawy winoro\u015bli w Arizonie przez Maynarda Jamesa Keenana (frontmana zespo\u0142\u00f3w Tool, A Perfect Circle i Puscifer) i jego winiarskiego mentora Erica Glomskiego. W filmie zosta\u0142a wykorzystana muzyka zespo\u0142u Tool.<br \/>\nMi\u0142o\u015bnik\u00f3w wyrafinowanej kuchni zainteresuje z pewno\u015bci\u0105 dokument Frederica Laffonta &#8222;Tokio blues i sushi Fumiko&#8221;\u00a0 (2004) przedstawiaj\u0105cy sylwetk\u0119 Fumiko Kono, Japonki uwa\u017canej obecnie za jedn\u0105 z najbardziej utalentowanych szef\u00f3w kuchni na \u015bwiecie.<\/p>\n<p>Food Film Fest ma na celu przybli\u017cenie polskiej widowni szeroko poj\u0119tej kultury kulinarnej. Wydarzenie wpisuje si\u0119 w \u015bwiatowe mody i jest reakcj\u0105 na rosn\u0105ce zainteresowanie sztuk\u0105 kulinarn\u0105 r\u00f3wnie\u017c w Polsce. Filmy poruszaj\u0105ce tematy zwi\u0105zane z \u017cywno\u015bci\u0105 znalaz\u0142y si\u0119 m.in. na festiwalach filmowych w Berlinie, Bolonii i Nowym Jorku.<\/p>\n<p>W tegorocznym festiwalu uczestniczy\u0107 b\u0119d\u0105 liczni go\u015bcie czyli tw\u00f3rcy b\u0105d\u017a bohaterowie film\u00f3w. B\u0119d\u0105 tak\u017ce imprezy po projekcjach wsp\u00f3\u0142organizowane w\u0142a\u015bnie przez Slow Food. W jednej z nich we\u017amiemy udzia\u0142 i my &#8211; Adamczewscy. B\u0119dzie to spotkanie z dzieci\u0119c\u0105 widowni\u0105, kt\u00f3rej opowiemy o w\u0119dr\u00f3wce wielu kulinarnych przysmak\u00f3w docieraj\u0105cych wiele lat temu zza ocean\u00f3w do Europy i oczywi\u015bcie do Polski. Te w\u0119dr\u00f3wki s\u0105 pe\u0142ne przyg\u00f3d a czasem i dramatycznych wydarze\u0144. Jedz\u0105c np. czekolad\u0119 czy zwyczajne wydawa\u0142oby si\u0119 kartofle powinni\u015bmy wiedzie\u0107 sk\u0105d do nas przyw\u0119drowa\u0142y i kto je tu przywi\u00f3z\u0142. A wiedz\u0119 o historii kuchni warto zdobywa\u0107 ju\u017c od ma\u0142ego. W\u00f3wczas \u0142atwiej sta\u0107 si\u0119 prawdziwym smakoszem. Smakosze za\u015b s\u0105 przecie\u017c inteligentni, dowcipni i\u00a0&#8230; \u0142agodni.<br \/>\nSmacznego ogl\u0105dania!<\/p>\n","protected":false},"excerpt":{"rendered":"<p>Wprawdzie ta impreza odbywa si\u0119 w Warszawie ale prawdziwi smakosze na pewno na ni\u0105 si\u0119 wybior\u0105. Nawet gdy mieszkaj\u0105 poza stolic\u0105. A warto. Najpierw przytocz\u0119 par\u0119 zda\u0144 o zesz\u0142orocznej edycji festiwalu filmowego dla \u0142akomczuch\u00f3w: &#8222;Zainteresowanie &#8222;Food Film Fest&#8221; przeros\u0142o nasze oczekiwania. Przez 3 wieczory sala kina &#8222;Kultura&#8221; by\u0142a wype\u0142niona po brzegi. Widzom podoba\u0142y si\u0119 filmy [&hellip;]<\/p>\n","protected":false},"author":2,"featured_media":0,"comment_status":"open","ping_status":"open","sticky":false,"template":"","format":"standard","meta":{"footnotes":""},"categories":[1],"tags":[],"_links":{"self":[{"href":"https:\/\/blog.polityka.pl\/adamczewski\/wp-json\/wp\/v2\/posts\/1953"}],"collection":[{"href":"https:\/\/blog.polityka.pl\/adamczewski\/wp-json\/wp\/v2\/posts"}],"about":[{"href":"https:\/\/blog.polityka.pl\/adamczewski\/wp-json\/wp\/v2\/types\/post"}],"author":[{"embeddable":true,"href":"https:\/\/blog.polityka.pl\/adamczewski\/wp-json\/wp\/v2\/users\/2"}],"replies":[{"embeddable":true,"href":"https:\/\/blog.polityka.pl\/adamczewski\/wp-json\/wp\/v2\/comments?post=1953"}],"version-history":[{"count":0,"href":"https:\/\/blog.polityka.pl\/adamczewski\/wp-json\/wp\/v2\/posts\/1953\/revisions"}],"wp:attachment":[{"href":"https:\/\/blog.polityka.pl\/adamczewski\/wp-json\/wp\/v2\/media?parent=1953"}],"wp:term":[{"taxonomy":"category","embeddable":true,"href":"https:\/\/blog.polityka.pl\/adamczewski\/wp-json\/wp\/v2\/categories?post=1953"},{"taxonomy":"post_tag","embeddable":true,"href":"https:\/\/blog.polityka.pl\/adamczewski\/wp-json\/wp\/v2\/tags?post=1953"}],"curies":[{"name":"wp","href":"https:\/\/api.w.org\/{rel}","templated":true}]}}