
{"id":1986,"date":"2010-10-06T08:00:34","date_gmt":"2010-10-06T06:00:34","guid":{"rendered":"http:\/\/adamczewski.blog.polityka.pl\/?p=1986"},"modified":"2010-10-05T10:59:03","modified_gmt":"2010-10-05T08:59:03","slug":"zgadnij-co-gotujemy-8","status":"publish","type":"post","link":"https:\/\/blog.polityka.pl\/adamczewski\/2010\/10\/06\/zgadnij-co-gotujemy-8\/","title":{"rendered":"Zgadnij co gotujemy?"},"content":{"rendered":"<p><a href=\"\/wp-content\/uploads\/2010\/09\/tance-wokol-stolu.jpg\"><img loading=\"lazy\" decoding=\"async\" class=\"aligncenter size-medium wp-image-1987\" title=\"tance-wokol-stolu\" src=\"\/wp-content\/uploads\/2010\/09\/tance-wokol-stolu-300x225.jpg\" alt=\"\" width=\"300\" height=\"225\" srcset=\"\/adamczewski\/wp-content\/uploads\/2010\/09\/tance-wokol-stolu-300x225.jpg 300w, \/adamczewski\/wp-content\/uploads\/2010\/09\/tance-wokol-stolu.jpg 640w\" sizes=\"(max-width: 300px) 100vw, 300px\" \/><\/a><br \/>\nPocz\u0105tek roku akademickiego wi\u0119c i nasz kolejny rok quizowy rusza. Na otwarcie\u00a0 sezonu nagrod\u0105 b\u0119dzie nowa ksi\u0105\u017cka. &#8222;Ta\u0144ce wok\u00f3\u0142 sto\u0142u czyli polskie tradycje kulinarne&#8221; s\u0105 dopiero od paru tygodni na ksi\u0119garskim rynku. Z pierwszych g\u0142os\u00f3w wynika, \u017ce ksi\u0105\u017cka podoba si\u0119 i mi\u0142o\u015bnikom kuchni, i bibliofilom. Jest bowiem bardzo starannie i jednocze\u015bnie efektownie opracowana przez katowickie wydawnictwo Videograf II. Mam nadziej\u0119, \u017ce przypadnie do gustu i dzisiejszemu zwyci\u0119zcy. No to do roboty.<\/p>\n<p>1.W XX wieku Polska by\u0142a s\u0142odk\u0105 pot\u0119g\u0105, produkowa\u0142a i sprzedawa\u0142a olbrzymie ilo\u015bci cukru. Gdzie i kiedy powsta\u0142a pierwsza polska cukrownia oraz kto by\u0142 jej w\u0142a\u015bcicielem?<\/p>\n<p>2.&#8221;Pierwsza potrawa\u00a0&#8211; szczero\u015b\u0107 \u0142askawa&#8221; albo &#8222;Nie przebiera\u0107, gdy co\u0107 dadz\u0105 kiedy ci\u0119 za st\u00f3\u0142 posadz\u0105&#8221;\u00a0&#8211; to m\u0105dro\u015bci przytaczane w ksi\u0105\u017cce &#8222;Domy i dwory&#8221; \u0141ukasza Go\u0142\u0119biowskiego wydanej w 1830. Na czym te porzekad\u0142a by\u0142y wypisywane?<\/p>\n<p>3.O tym chlebie istnieje nawet wierszyk publikowany w Przewodniku po Muzeum w Radzionkowie: &#8222;By u wozu przednie ko\u0142o\/ toczy si\u0119 do dom weso\u0142o\/&#8221;. \u00a0Bochen tego chleba mia\u0142 \u015brednic\u0119 76 cm, gruby na 24 cm a wa\u017cy\u0142 15 kg. A jak si\u0119 nazywa\u0142 \u00f3w gigant?<\/p>\n<p>Podpowiedzi znajduj\u0105 si\u0119 oczywi\u015bcie w blogu. Pisa\u0142em o tym czasem nawet po kilka razy. Trudno bowiem unikn\u0105\u0107 powt\u00f3rek gdy wpis\u00f3w jest grubo ponad tysi\u0105c. Prosz\u0119 wi\u0119c teraz si\u0119gn\u0105\u0107 do \u017ar\u00f3de\u0142 i przys\u0142a\u0107 odpowiedzi na adres: <a href=\"mailto:internet@polityka.com.pl\">internet@polityka.com.pl<\/a>\u00a0\u00a0 O przyznaniu nagrody rozstrzygnie czas i komisja w sk\u0142adzie jednoosobowym. Czyli jak zwykle!<\/p>\n<p>\u00a0<\/p>\n<p>\u00a0<\/p>\n","protected":false},"excerpt":{"rendered":"<p>Pocz\u0105tek roku akademickiego wi\u0119c i nasz kolejny rok quizowy rusza. Na otwarcie\u00a0 sezonu nagrod\u0105 b\u0119dzie nowa ksi\u0105\u017cka. &#8222;Ta\u0144ce wok\u00f3\u0142 sto\u0142u czyli polskie tradycje kulinarne&#8221; s\u0105 dopiero od paru tygodni na ksi\u0119garskim rynku. Z pierwszych g\u0142os\u00f3w wynika, \u017ce ksi\u0105\u017cka podoba si\u0119 i mi\u0142o\u015bnikom kuchni, i bibliofilom. Jest bowiem bardzo starannie i jednocze\u015bnie efektownie opracowana przez katowickie [&hellip;]<\/p>\n","protected":false},"author":2,"featured_media":0,"comment_status":"open","ping_status":"open","sticky":false,"template":"","format":"standard","meta":{"footnotes":""},"categories":[1],"tags":[],"_links":{"self":[{"href":"https:\/\/blog.polityka.pl\/adamczewski\/wp-json\/wp\/v2\/posts\/1986"}],"collection":[{"href":"https:\/\/blog.polityka.pl\/adamczewski\/wp-json\/wp\/v2\/posts"}],"about":[{"href":"https:\/\/blog.polityka.pl\/adamczewski\/wp-json\/wp\/v2\/types\/post"}],"author":[{"embeddable":true,"href":"https:\/\/blog.polityka.pl\/adamczewski\/wp-json\/wp\/v2\/users\/2"}],"replies":[{"embeddable":true,"href":"https:\/\/blog.polityka.pl\/adamczewski\/wp-json\/wp\/v2\/comments?post=1986"}],"version-history":[{"count":0,"href":"https:\/\/blog.polityka.pl\/adamczewski\/wp-json\/wp\/v2\/posts\/1986\/revisions"}],"wp:attachment":[{"href":"https:\/\/blog.polityka.pl\/adamczewski\/wp-json\/wp\/v2\/media?parent=1986"}],"wp:term":[{"taxonomy":"category","embeddable":true,"href":"https:\/\/blog.polityka.pl\/adamczewski\/wp-json\/wp\/v2\/categories?post=1986"},{"taxonomy":"post_tag","embeddable":true,"href":"https:\/\/blog.polityka.pl\/adamczewski\/wp-json\/wp\/v2\/tags?post=1986"}],"curies":[{"name":"wp","href":"https:\/\/api.w.org\/{rel}","templated":true}]}}