
{"id":1988,"date":"2010-10-13T08:00:15","date_gmt":"2010-10-13T06:00:15","guid":{"rendered":"http:\/\/adamczewski.blog.polityka.pl\/?p=1988"},"modified":"2010-09-27T15:37:33","modified_gmt":"2010-09-27T13:37:33","slug":"zgadnij-co-gotujemy-21","status":"publish","type":"post","link":"https:\/\/blog.polityka.pl\/adamczewski\/2010\/10\/13\/zgadnij-co-gotujemy-21\/","title":{"rendered":"Zgadnij co gotujemy?"},"content":{"rendered":"<p><a href=\"\/wp-content\/uploads\/2010\/09\/passent-z-fibakiem.jpg\"><img loading=\"lazy\" decoding=\"async\" class=\"aligncenter size-medium wp-image-1989\" title=\"passent-z-fibakiem\" src=\"\/wp-content\/uploads\/2010\/09\/passent-z-fibakiem-225x300.jpg\" alt=\"\" width=\"225\" height=\"300\" srcset=\"\/adamczewski\/wp-content\/uploads\/2010\/09\/passent-z-fibakiem-225x300.jpg 225w, \/adamczewski\/wp-content\/uploads\/2010\/09\/passent-z-fibakiem.jpg 360w\" sizes=\"(max-width: 225px) 100vw, 225px\" \/><\/a><br \/>\nDrukuj\u0105c fragment nowej ksi\u0105\u017cki Daniela Passenta &#8222;Moja gra&#8221; zapowiedzia\u0142em, \u017ce egzemplarz wzbogacony o autografy autora i jego bohatera b\u0119dzie nagrod\u0105 w \u015brodowym quizie. I w\u0142a\u015bnie nadesz\u0142a pora kiedy wystawiam do gry dw\u00f3ch wybitnych zawodnik\u00f3w: tenisist\u0119, kolekcjonera malarstwa\u00a0&#8211; Wojciecha Fibaka i felietonist\u0119, dyplomat\u0119\u00a0&#8211; Daniela Passenta. Aby zdoby\u0107 ksi\u0105\u017ck\u0119 Passenta o Fibaku wystarczy odpowiedzie\u0107 na trzy pytania tak, bym uzna\u0142 odpowiedzi za prawid\u0142owe. Oto pytania:<\/p>\n<p>1.Jedna z pierwszych restauracji Pary\u017ca istniej\u0105ca do dzi\u015b na Montmartr&#8217;e nazywa si\u0119?<\/p>\n<p>2.Korty Warszawianki to wa\u017cne miejsce w karierze niemal wszystkich wybitnych polskich zawodnik\u00f3w. Dzi\u015b w ich pobli\u017cu znajduje si\u0119 tak\u017ce wiele wa\u017cnych miejsc dla smakoszy. Wymie\u0144 cho\u0107 dwie restauracje funkcjonuj\u0105ce przy ul. Merliniego, Pu\u0142awskiej lub Ody\u0144ca.<\/p>\n<p>3.Jak si\u0119 nazywa wielka firma cateringowa zatrudniaj\u0105ca armi\u0119 wy bitnych kucharzy, obs\u0142uguj\u0105ca od lat wszystkie turnieje tenisowe na paryskich kortach Roland Garros?<\/p>\n<p>To teraz tylko silny serwis wys\u0142any we w\u0142a\u015bciwy punkt czyli <a href=\"mailto:internet@polityka.com.pl\">internet@polityka.com.pl<\/a> i po meczu. Ksi\u0105\u017cka zmieni w\u0142a\u015bciciela. Byle s\u0119dzia nie by\u0142 stronniczy, co na kortach czasem si\u0119 zdarza.<\/p>\n<p>\u00a0<\/p>\n<p>\u00a0<\/p>\n<p>\u00a0<\/p>\n","protected":false},"excerpt":{"rendered":"<p>Drukuj\u0105c fragment nowej ksi\u0105\u017cki Daniela Passenta &#8222;Moja gra&#8221; zapowiedzia\u0142em, \u017ce egzemplarz wzbogacony o autografy autora i jego bohatera b\u0119dzie nagrod\u0105 w \u015brodowym quizie. I w\u0142a\u015bnie nadesz\u0142a pora kiedy wystawiam do gry dw\u00f3ch wybitnych zawodnik\u00f3w: tenisist\u0119, kolekcjonera malarstwa\u00a0&#8211; Wojciecha Fibaka i felietonist\u0119, dyplomat\u0119\u00a0&#8211; Daniela Passenta. Aby zdoby\u0107 ksi\u0105\u017ck\u0119 Passenta o Fibaku wystarczy odpowiedzie\u0107 na trzy pytania [&hellip;]<\/p>\n","protected":false},"author":2,"featured_media":0,"comment_status":"open","ping_status":"open","sticky":false,"template":"","format":"standard","meta":{"footnotes":""},"categories":[1],"tags":[],"_links":{"self":[{"href":"https:\/\/blog.polityka.pl\/adamczewski\/wp-json\/wp\/v2\/posts\/1988"}],"collection":[{"href":"https:\/\/blog.polityka.pl\/adamczewski\/wp-json\/wp\/v2\/posts"}],"about":[{"href":"https:\/\/blog.polityka.pl\/adamczewski\/wp-json\/wp\/v2\/types\/post"}],"author":[{"embeddable":true,"href":"https:\/\/blog.polityka.pl\/adamczewski\/wp-json\/wp\/v2\/users\/2"}],"replies":[{"embeddable":true,"href":"https:\/\/blog.polityka.pl\/adamczewski\/wp-json\/wp\/v2\/comments?post=1988"}],"version-history":[{"count":0,"href":"https:\/\/blog.polityka.pl\/adamczewski\/wp-json\/wp\/v2\/posts\/1988\/revisions"}],"wp:attachment":[{"href":"https:\/\/blog.polityka.pl\/adamczewski\/wp-json\/wp\/v2\/media?parent=1988"}],"wp:term":[{"taxonomy":"category","embeddable":true,"href":"https:\/\/blog.polityka.pl\/adamczewski\/wp-json\/wp\/v2\/categories?post=1988"},{"taxonomy":"post_tag","embeddable":true,"href":"https:\/\/blog.polityka.pl\/adamczewski\/wp-json\/wp\/v2\/tags?post=1988"}],"curies":[{"name":"wp","href":"https:\/\/api.w.org\/{rel}","templated":true}]}}