
{"id":1990,"date":"2010-09-28T08:00:01","date_gmt":"2010-09-28T06:00:01","guid":{"rendered":"http:\/\/adamczewski.blog.polityka.pl\/?p=1990"},"modified":"2010-09-27T17:03:33","modified_gmt":"2010-09-27T15:03:33","slug":"noz-do-golenia-garnek-do-piekarnika","status":"publish","type":"post","link":"https:\/\/blog.polityka.pl\/adamczewski\/2010\/09\/28\/noz-do-golenia-garnek-do-piekarnika\/","title":{"rendered":"N\u00f3\u017c do golenia, garnek do piekarnika"},"content":{"rendered":"<p><a href=\"\/wp-content\/uploads\/2010\/09\/fiskars.jpg\"><img loading=\"lazy\" decoding=\"async\" class=\"aligncenter size-medium wp-image-1991\" title=\"fiskars\" src=\"\/wp-content\/uploads\/2010\/09\/fiskars-300x225.jpg\" alt=\"\" width=\"300\" height=\"225\" srcset=\"\/adamczewski\/wp-content\/uploads\/2010\/09\/fiskars-300x225.jpg 300w, \/adamczewski\/wp-content\/uploads\/2010\/09\/fiskars.jpg 640w\" sizes=\"(max-width: 300px) 100vw, 300px\" \/><\/a><em>Moje nowe zabaweczki<\/em>\u00a0<\/p>\n<p>Dosta\u0142y si\u0119 w moje r\u0119ce nowe sprz\u0119ty do kuchni. N\u00f3\u017c szefa i par\u0119 mniejszych no\u017cy np. do patroszenia, gilotyna dwur\u0119czna do siekania czosnku czy cebuli lub natki, superpatelnia (ostatni krzyk kulinarnej mysli) i\u00a0&#8211; co zw\u0142aszcza ucieszy\u0142o Barbar\u0119\u00a0&#8211; garnek (jak kto woli to g\u0142\u0119boka patelnia) z pokrywk\u0105 i d\u0142ug\u0105 a bezpieczn\u0105 r\u0105czk\u0105, kt\u00f3ry wytrzymuje temperatur\u0119 200 st. C i mo\u017ce by\u0107 wstawiany do piekarnika.<br \/>\nNie do\u015b\u0107, \u017ce wszystkie te sprz\u0119ty s\u0105 bardzo po\u017cyteczne w kuchni, to do tego s\u0105 du\u017cej urody. Fi\u0144skie wzornictwo (a to fi\u0144ska firma Fiskars jest producentem) s\u0142ynie od dawna na \u015bwiecie z utalentowanych plastyk\u00f3w. W dodatku projektanci bardzo harmonijnie \u0142\u0105cz\u0105 pi\u0119kno z u\u017cyteczno\u015bci\u0105.<\/p>\n<p>Tymczasem zd\u0105\u017cy\u0142em u\u017cy\u0107 najwi\u0119kszego z no\u017cy. Jest wspania\u0142y, cho\u0107 w niewprawnych r\u0119kach mo\u017ce by\u0107 niebezpieczny. Jego ostro\u015b\u0107 przewy\u017csza ostro\u015b\u0107 brzytwy. I gdyby nie fakt, \u017ce od lat nie gol\u0119 zarostu a przystrzygam go trymerem, pewnie bym spr\u00f3bowa\u0142 ogoli\u0107 si\u0119 no\u017cem szefa.<\/p>\n<p>Po u\u017cyciu wszystkiego,\u00a0 zw\u0142aszcza patelni i garnka, opowiem czy m\u00f3j pierwszy zachwyt by\u0142 uzasadniony. Ruszam wi\u0119c do kuchni uwa\u017caj\u0105c na palce!<\/p>\n<p>PS.<br \/>\nPrzez ca\u0142e lato u\u017cywa\u0142em siekiery tej\u017ce firmy. Dosta\u0142em j\u0105 w prezencie od wnuka (a dzisiejszy podarunek od pi\u0119knej kobiety) i mog\u0119 powiedzie\u0107, \u017ce lepszego narz\u0119dzia do r\u0105bania drewna nie mia\u0142em nigdy w r\u0119ku.<\/p>\n<p>\u00a0<\/p>\n","protected":false},"excerpt":{"rendered":"<p>Moje nowe zabaweczki\u00a0 Dosta\u0142y si\u0119 w moje r\u0119ce nowe sprz\u0119ty do kuchni. N\u00f3\u017c szefa i par\u0119 mniejszych no\u017cy np. do patroszenia, gilotyna dwur\u0119czna do siekania czosnku czy cebuli lub natki, superpatelnia (ostatni krzyk kulinarnej mysli) i\u00a0&#8211; co zw\u0142aszcza ucieszy\u0142o Barbar\u0119\u00a0&#8211; garnek (jak kto woli to g\u0142\u0119boka patelnia) z pokrywk\u0105 i d\u0142ug\u0105 a bezpieczn\u0105 r\u0105czk\u0105, kt\u00f3ry [&hellip;]<\/p>\n","protected":false},"author":2,"featured_media":0,"comment_status":"open","ping_status":"open","sticky":false,"template":"","format":"standard","meta":{"footnotes":""},"categories":[1],"tags":[],"_links":{"self":[{"href":"https:\/\/blog.polityka.pl\/adamczewski\/wp-json\/wp\/v2\/posts\/1990"}],"collection":[{"href":"https:\/\/blog.polityka.pl\/adamczewski\/wp-json\/wp\/v2\/posts"}],"about":[{"href":"https:\/\/blog.polityka.pl\/adamczewski\/wp-json\/wp\/v2\/types\/post"}],"author":[{"embeddable":true,"href":"https:\/\/blog.polityka.pl\/adamczewski\/wp-json\/wp\/v2\/users\/2"}],"replies":[{"embeddable":true,"href":"https:\/\/blog.polityka.pl\/adamczewski\/wp-json\/wp\/v2\/comments?post=1990"}],"version-history":[{"count":0,"href":"https:\/\/blog.polityka.pl\/adamczewski\/wp-json\/wp\/v2\/posts\/1990\/revisions"}],"wp:attachment":[{"href":"https:\/\/blog.polityka.pl\/adamczewski\/wp-json\/wp\/v2\/media?parent=1990"}],"wp:term":[{"taxonomy":"category","embeddable":true,"href":"https:\/\/blog.polityka.pl\/adamczewski\/wp-json\/wp\/v2\/categories?post=1990"},{"taxonomy":"post_tag","embeddable":true,"href":"https:\/\/blog.polityka.pl\/adamczewski\/wp-json\/wp\/v2\/tags?post=1990"}],"curies":[{"name":"wp","href":"https:\/\/api.w.org\/{rel}","templated":true}]}}