
{"id":1993,"date":"2010-09-30T08:00:13","date_gmt":"2010-09-30T06:00:13","guid":{"rendered":"http:\/\/adamczewski.blog.polityka.pl\/?p=1993"},"modified":"2010-09-29T09:30:14","modified_gmt":"2010-09-29T07:30:14","slug":"czas-bankietow-i-przysmakow","status":"publish","type":"post","link":"https:\/\/blog.polityka.pl\/adamczewski\/2010\/09\/30\/czas-bankietow-i-przysmakow\/","title":{"rendered":"Czas bankiet\u00f3w i przysmak\u00f3w"},"content":{"rendered":"<p>\u00a0<\/p>\n<p>Tak si\u0119 z\u0142o\u017cy\u0142o, \u017ce w najbli\u017cszych dniach b\u0119d\u0119 gania\u0142 z bankietu na bankiet, z uroczystego otwarcia nowej restauracji na inauguracj\u0119 Festiwalu Film\u00f3w Kulinarnych, z uroczystej kolacji na uroczysto\u015b\u0107 przyznania tytu\u0142u &#8222;Kucharz\u00a0 &#8211; Odkrycie Roku 2009&#8221;. Ju\u017c martwi\u0119 si\u0119 o swoj\u0105 kondycj\u0119 a zw\u0142aszcza w\u0105trob\u0119. A mo\u017ce wyka\u017c\u0119 si\u0119 tak\u0105 si\u0142\u0105 woli, \u017ce nigdzie nie ulegn\u0119 pokusom? Wszystko natomiast opisz\u0119 staraj\u0105c si\u0119 odda\u0107 zar\u00f3wno smak da\u0144, jak i atmosfer\u0119.<\/p>\n<p>Pierwsz\u0105 imprez\u0105 b\u0119dzie otwarcie nowej restauracji w Hotelu Intercontinental przy ulicy Emilii Plater. Lokal nazwano wi\u0119c &#8222;Platter by Karol Okrasa&#8221;. I wszystko jasne. Szefem jest Karol Okrasa, o kt\u00f3rym tu wielokrotnie pisa\u0142em rokuj\u0105c mu wielk\u0105 karier\u0119. My\u015bl\u0119, \u017ce szefowanie restauracji w renomowanym hotelu to nie szczyt tej kariery lecz kolejny szczebel. Go\u015bciom nowej restauracji zazdroszcz\u0119, bo jad\u0142em niejedno danie przyrz\u0105dzane przez Karola (i niejedno razem z nim gotowa\u0142em) i wszystkie by\u0142y doskona\u0142e, cho\u0107 cz\u0119sto stosowa\u0142 zaskakuj\u0105ce zestawienia i produkt\u00f3w, i smak\u00f3w. Okrasa to\u00a0&#8211; moim zdaniem\u00a0&#8211; kucharz natchniony.<\/p>\n<p>Kolejn\u0105 imprez\u0105 b\u0119dzie otwarcie przegl\u0105du film\u00f3w dokumentalnych po raz drugi zorganizowanego przez Kuchni\u0119 TV. Na inauguracj\u0119 wybrano film pt. &#8222;Krew, pot i wino&#8221;\u00a0 w re\u017cyserii Christophera Pomerenke. Tw\u00f3rca tego filmu oraz producent Chris McDaniel b\u0119d\u0105 go\u015b\u0107mi wieczoru.<br \/>\nW programie przegl\u0105du organizowanego przez Kuchni\u0119.tv\u00a0 b\u0119d\u0105 tak\u017ce smaczne niespodzianki dla widz\u00f3w, warsztaty kulinarne dla dzieci i Smakowity Kiermasz.<\/p>\n<p>Kuchnia.tv, organizator jedynego w Polsce przegl\u0105du film\u00f3w dokumentalnych o tematyce kulinarnej, zaprosi\u0142a do udzia\u0142u w wydarzeniu tw\u00f3rc\u00f3w film\u00f3w. Swoj\u0105 obecno\u015b\u0107 potwierdzili opr\u00f3cz ju\u017c wymienionych\u00a0 tak\u017ce inni: autorka i zarazem g\u0142\u00f3wna bohaterka filmu &#8222;Rozgry\u017a\u0107 Alask\u0119&#8221;\u00a0 Ellen Frankenstein wraz ze swoj\u0105 producentk\u0105 Valerie Lapinski, oraz tytu\u0142owa posta\u0107 &#8222;Historii Za\u017cartego Pete&#8217;a&#8221; &#8211; Pete Czerwinski, wraz z re\u017cyserem i producentem filmu Georgem Tsioutsioulasem. Spotkania z tw\u00f3rcami odb\u0119d\u0105 si\u0119 bezpo\u015brednio po projekcjach film\u00f3w.<\/p>\n<p>Kuchnia.tv Food Film Fest to nie tylko uczta dla oka i ducha, ale r\u00f3wnie\u017c dla podniebienia. Widzowie zostan\u0105 pocz\u0119stowani przek\u0105skami zwi\u0105zanymi z tematyk\u0105 film\u00f3w. &#8222;Filmy o jedzeniu zaostrzaj\u0105 apetyt i wzbudzaj\u0105 ciekawo\u015b\u0107 nowych smak\u00f3w. Dlatego, podobnie jak w zesz\u0142ym roku, chcemy da\u0107 naszym widzom mo\u017cliwo\u015b\u0107 skosztowania przek\u0105sek, kt\u00f3re stan\u0105 si\u0119 dope\u0142nieniem film\u00f3w, kt\u00f3re poka\u017cemy&#8221;\u00a0&#8211; m\u00f3wi Ma\u0142gorzata Seck, Dyrektor zarz\u0105dzaj\u0105ca Kuchni.tv.<\/p>\n<p>Imprez\u0105 towarzysz\u0105c\u0105 Kuchni.tv Food Film Fest b\u0119d\u0105 organizowane przez partnera przegl\u0105du, warszawskie convivium Slow Food, warsztaty kulinarne dla dzieci. Rozpoczn\u0105 si\u0119 one w sobot\u0119 o godzinie 13:00, zaraz po\u00a0 projekcji filmu &#8222;Co masz na talerzu&#8221;, w SKWERZE &#8211; filii Fabryki Trzciny przy skwerze Hoovera na Krakowskim Przedmie\u015bciu. Warsztaty poprowadz\u0105 m.in. Agnieszka Kr\u0119glicka, Katia Roman-Trzaska oraz my czyli\u00a0\u00a0 Barbara i Piotr Adamczewscy.<\/p>\n<p>Trzecia impreza o kt\u00f3rej wspomnia\u0142em to gala miesi\u0119cznika &#8222;Kuchnia&#8221; kreuj\u0105ca Kucharza Roku 2009. W artystycznej cz\u0119\u015bci wieczoru wyst\u0105pi\u0105 Konrad Kucza i Gaba Kulka. Miejscem uroczysto\u015bci jest znana sto\u0142eczna restauracja mieszcz\u0105ca si\u0119 nad Wis\u0142\u0105 czyli Boathouse. B\u0119dzie zapewne te\u017c i smacznie i weso\u0142o.<\/p>\n<p>\u00a0<\/p>\n","protected":false},"excerpt":{"rendered":"<p>\u00a0 Tak si\u0119 z\u0142o\u017cy\u0142o, \u017ce w najbli\u017cszych dniach b\u0119d\u0119 gania\u0142 z bankietu na bankiet, z uroczystego otwarcia nowej restauracji na inauguracj\u0119 Festiwalu Film\u00f3w Kulinarnych, z uroczystej kolacji na uroczysto\u015b\u0107 przyznania tytu\u0142u &#8222;Kucharz\u00a0 &#8211; Odkrycie Roku 2009&#8221;. Ju\u017c martwi\u0119 si\u0119 o swoj\u0105 kondycj\u0119 a zw\u0142aszcza w\u0105trob\u0119. A mo\u017ce wyka\u017c\u0119 si\u0119 tak\u0105 si\u0142\u0105 woli, \u017ce nigdzie nie [&hellip;]<\/p>\n","protected":false},"author":2,"featured_media":0,"comment_status":"open","ping_status":"open","sticky":false,"template":"","format":"standard","meta":{"footnotes":""},"categories":[1],"tags":[],"_links":{"self":[{"href":"https:\/\/blog.polityka.pl\/adamczewski\/wp-json\/wp\/v2\/posts\/1993"}],"collection":[{"href":"https:\/\/blog.polityka.pl\/adamczewski\/wp-json\/wp\/v2\/posts"}],"about":[{"href":"https:\/\/blog.polityka.pl\/adamczewski\/wp-json\/wp\/v2\/types\/post"}],"author":[{"embeddable":true,"href":"https:\/\/blog.polityka.pl\/adamczewski\/wp-json\/wp\/v2\/users\/2"}],"replies":[{"embeddable":true,"href":"https:\/\/blog.polityka.pl\/adamczewski\/wp-json\/wp\/v2\/comments?post=1993"}],"version-history":[{"count":0,"href":"https:\/\/blog.polityka.pl\/adamczewski\/wp-json\/wp\/v2\/posts\/1993\/revisions"}],"wp:attachment":[{"href":"https:\/\/blog.polityka.pl\/adamczewski\/wp-json\/wp\/v2\/media?parent=1993"}],"wp:term":[{"taxonomy":"category","embeddable":true,"href":"https:\/\/blog.polityka.pl\/adamczewski\/wp-json\/wp\/v2\/categories?post=1993"},{"taxonomy":"post_tag","embeddable":true,"href":"https:\/\/blog.polityka.pl\/adamczewski\/wp-json\/wp\/v2\/tags?post=1993"}],"curies":[{"name":"wp","href":"https:\/\/api.w.org\/{rel}","templated":true}]}}