
{"id":200,"date":"2007-04-25T08:00:49","date_gmt":"2007-04-25T06:00:49","guid":{"rendered":"http:\/\/adamczewski.blog.polityka.pl\/?p=200"},"modified":"2007-04-25T08:00:49","modified_gmt":"2007-04-25T06:00:49","slug":"zgadnij-co-gotujemy37","status":"publish","type":"post","link":"https:\/\/blog.polityka.pl\/adamczewski\/2007\/04\/25\/zgadnij-co-gotujemy37\/","title":{"rendered":"Zgadnij co gotujemy?(37)"},"content":{"rendered":"<p>Tym razem \u0142atwiej b\u0119d\u0105 mieli w\u0142\u00f3czykije i w\u0119drownicy. Pytania bowiem b\u0119d\u0105 dotyczy\u0142y r\u00f3\u017cnych miast na \u015bwiecie. A nagrod\u0105 &#8211; tak jak i w ubieg\u0142ym tygodniu &#8211; b\u0119dzie ksi\u0105\u017cka Wies\u0142awa W\u0142adyki &#8222;Ludzie Polityki&#8221; wydana z okazji p\u00f3\u0142wiecza istnienia tej redakcji. Do tego oczywi\u015bcie stosowna dedykacja oraz liczne autografy. A oto pytania:<\/p>\n<p>1. Jak brzmi polskie przys\u0142owie dotycz\u0105ce Pary\u017ca i dw\u00f3ch produkt\u00f3w \u017cywno\u015bciowych?<br \/>\n2. Monachium s\u0142ynie z paru potraw i napitk\u00f3w. S\u0142ynna jest bawarska golonka, najgrubsze na \u015bwiecie szparagi i jedyny w swoim rodzaju gatunek pszenicznego piwa. Jak nazywa si\u0119 to piwo?<br \/>\n3. Nawet Anglia ma co\u015b wspania\u0142ego do zaoferowania smakoszom. Jak si\u0119 nazywa ser ple\u015bniowy przypominaj\u0105cy wygl\u0105dem i dor\u00f3wnuj\u0105cy mu smakiem francuski roquefort?<\/p>\n<p>Odpowiedzi prosz\u0119 przysy\u0142a\u0107 na adres internet@polityka.com.pl<br \/>\nKto pierwszy przy\u015ble trzy prawid\u0142owe odpowiedzi ten zostanie w\u0142a\u015bcicielem ksi\u0105\u017cki pe\u0142nej autograf\u00f3w. Czekam!<\/p>\n","protected":false},"excerpt":{"rendered":"<p>Tym razem \u0142atwiej b\u0119d\u0105 mieli w\u0142\u00f3czykije i w\u0119drownicy. Pytania bowiem b\u0119d\u0105 dotyczy\u0142y r\u00f3\u017cnych miast na \u015bwiecie. A nagrod\u0105 &#8211; tak jak i w ubieg\u0142ym tygodniu &#8211; b\u0119dzie ksi\u0105\u017cka Wies\u0142awa W\u0142adyki &#8222;Ludzie Polityki&#8221; wydana z okazji p\u00f3\u0142wiecza istnienia tej redakcji. Do tego oczywi\u015bcie stosowna dedykacja oraz liczne autografy. A oto pytania: 1. Jak brzmi polskie przys\u0142owie [&hellip;]<\/p>\n","protected":false},"author":2,"featured_media":0,"comment_status":"open","ping_status":"open","sticky":false,"template":"","format":"standard","meta":{"footnotes":""},"categories":[1],"tags":[],"_links":{"self":[{"href":"https:\/\/blog.polityka.pl\/adamczewski\/wp-json\/wp\/v2\/posts\/200"}],"collection":[{"href":"https:\/\/blog.polityka.pl\/adamczewski\/wp-json\/wp\/v2\/posts"}],"about":[{"href":"https:\/\/blog.polityka.pl\/adamczewski\/wp-json\/wp\/v2\/types\/post"}],"author":[{"embeddable":true,"href":"https:\/\/blog.polityka.pl\/adamczewski\/wp-json\/wp\/v2\/users\/2"}],"replies":[{"embeddable":true,"href":"https:\/\/blog.polityka.pl\/adamczewski\/wp-json\/wp\/v2\/comments?post=200"}],"version-history":[{"count":0,"href":"https:\/\/blog.polityka.pl\/adamczewski\/wp-json\/wp\/v2\/posts\/200\/revisions"}],"wp:attachment":[{"href":"https:\/\/blog.polityka.pl\/adamczewski\/wp-json\/wp\/v2\/media?parent=200"}],"wp:term":[{"taxonomy":"category","embeddable":true,"href":"https:\/\/blog.polityka.pl\/adamczewski\/wp-json\/wp\/v2\/categories?post=200"},{"taxonomy":"post_tag","embeddable":true,"href":"https:\/\/blog.polityka.pl\/adamczewski\/wp-json\/wp\/v2\/tags?post=200"}],"curies":[{"name":"wp","href":"https:\/\/api.w.org\/{rel}","templated":true}]}}