
{"id":2009,"date":"2010-10-11T08:00:14","date_gmt":"2010-10-11T06:00:14","guid":{"rendered":"http:\/\/adamczewski.blog.polityka.pl\/?p=2009"},"modified":"2010-10-11T08:29:02","modified_gmt":"2010-10-11T06:29:02","slug":"chwila-odpoczynku-z-daleka-od-stolu","status":"publish","type":"post","link":"https:\/\/blog.polityka.pl\/adamczewski\/2010\/10\/11\/chwila-odpoczynku-z-daleka-od-stolu\/","title":{"rendered":"Chwila odpoczynku, z dala od sto\u0142u"},"content":{"rendered":"<p><a href=\"\/wp-content\/uploads\/2010\/10\/wino-amarone.jpg\"><img loading=\"lazy\" decoding=\"async\" class=\"alignleft size-medium wp-image-2010\" title=\"wino-amarone\" src=\"\/wp-content\/uploads\/2010\/10\/wino-amarone-225x300.jpg\" alt=\"\" width=\"225\" height=\"300\" srcset=\"\/adamczewski\/wp-content\/uploads\/2010\/10\/wino-amarone-225x300.jpg 225w, \/adamczewski\/wp-content\/uploads\/2010\/10\/wino-amarone.jpg 480w\" sizes=\"(max-width: 225px) 100vw, 225px\" \/><\/a>\u00a0<br \/>\n\u0141akomstwo to brzydka cecha. Czasem jednak trudno je zwalczy\u0107. W miniony weekend uleg\u0142em pokusie i mimo, \u017ce zawsze wszystkich zapewniam, i\u017c wstaj\u0119 od sto\u0142u z uczuciem niedosytu, objad\u0142em si\u0119 potwornie.<br \/>\nAle co mia\u0142em robi\u0107 gdy pod buczyna znowu uros\u0142y kanie. A\u00a0 u rze\u017anika zobaczy\u0142em gigantyczny i pi\u0119kny antrykot. Do tego wcze\u015bniej wybulgota\u0142 si\u0119 aromatyczny ros\u00f3\u0142 z prawdziwej wiejskiej kury. Do ciasteczek upieczonych przez Basi\u0119 ju\u017c nawet si\u0119 nie przyznam. A moje ulubione wino poka\u017c\u0119 tylko na obrazku.<br \/>\nDla usprawiedliwienia powiem, \u017ce na apetyt wp\u0142yw mia\u0142a poranna w\u0119dr\u00f3wka. Pojecha\u0142em bowiem rano do warsztatu samochodowego w odleg\u0142ej o 7 kilometr\u00f3w wsi licz\u0105c, \u017ce za godzin\u0119 wr\u00f3c\u0119. Tymczasem w\u0142a\u015bciciel zak\u0142adu zapowiedzia\u0142, \u017ce auto b\u0119dzie gotowe za 2 a mo\u017ce i 3 godziny. Postanowi\u0142em wi\u0119c wr\u00f3ci\u0107 pieszo przez las. W\u0119dr\u00f3wka by\u0142a wspania\u0142a. Szed\u0142em szybko, bo temperatura by\u0142a bliska zera i to mimo pe\u0142nego s\u0142o\u0144ca.. Po drodze podgl\u0105da\u0142em r\u00f3\u017cne niedu\u017ce zwierzaki. Po godzinie by\u0142em w domu. Ale ten apetyt?!<\/p>\n<p>Szukaj\u0105c w\u0142a\u015bciwych przestr\u00f3g\u00a0 si\u0119gn\u0105\u0142em do starych ksi\u0105\u017cek. I tam znalaz\u0142em w\u0142a\u015bciwe porady. Pisze dr <a href=\"\/wp-content\/uploads\/2010\/10\/jamniczka-z-veltlin-hotelp7310456.jpg\"><img loading=\"lazy\" decoding=\"async\" class=\"alignright size-medium wp-image-2011\" title=\"jamniczka-z-veltlin-hotelp7310456\" src=\"\/wp-content\/uploads\/2010\/10\/jamniczka-z-veltlin-hotelp7310456-300x225.jpg\" alt=\"\" width=\"300\" height=\"225\" \/><\/a>med. J\u00f3zef Peszke w &#8222;Gazecie domowej&#8221; w 1904 roku praktyczne uzasadnienie postnego jedzenia: &#8222;Jag\u0142y to jeszcze najlepsza z kasz przez lud spo\u017cywanych, inne by\u0142y albo rzeczywi\u015bcie mniej strawne i nie tak po\u017cywne , albo przynajmniej w\u00f3wczas uchodzi\u0142y za takie, wi\u0119c jada\u0142 je tylko ten, kto musia\u0142. O nich dowiadujemy si\u0119 , \u017ce ludziom pracowitym y robotnym, iako oraczom, cie\u015blom, m\u0142ockom, y innym oko\u0142o ci\u0119\u017ckich rob\u00f3t si\u0119 obieraj\u0105cym, P\u0119cak zw\u0142aszcza z Samopszy, iest posilaj\u0105cym pokarmem, w wodzie, abo w mleku warzony, bo w \u017co\u0142\u0105dku d\u0142ugo le\u017cy wi\u0119c najad\u0142szy si\u0119, ch\u0142op d\u0142u\u017cej m\u00f3g\u0142 czeka\u0107 na straw\u0119 nast\u0119pn\u0105.&#8221;<\/p>\n<p>I cytat drugi. Andrzej Kra\u015bnicki w dziele &#8222;Posty w dawnej Polsce&#8221; biada\u0142 nad upadkiem obyczaj\u00f3w: &#8222;Trzeci wreszcie czynnik wp\u0142ywa\u0142 w wysokiej bardzo\u00a0 mierze na os\u0142abienie praktyki post\u00f3w, a mianowicie coraz bardziej szerz\u0105ce si\u0119 zepsucie obyczaj\u00f3w, kt\u00f3rego nie zdo\u0142a\u0142 opanowa\u0107 i skutecznie mu si\u0119 przeciwstawi\u0107 ani Zygmunt III, ani Jezuici. Anarchia, brak poczucia obowi\u0105zku, brak ofiarno\u015bci, duma, swywola, rozpusta &#8211; oto d\u0142ugi szereg wyst\u0119pk\u00f3w, kt\u00f3re w tym okresie bynajmniej nie nale\u017c\u0105 do rzadkich zjawisk.&#8221;<\/p>\n<p>Po tej lekturze wprawdzie jestem nadal nieco oci\u0119\u017ca\u0142y ale ju\u017c nieco mniej gn\u0119bi mnie poczucie grzechu. Cho\u0107 kole\u017canka Rudego, pi\u0119kna jamniczka, patrzy na mnie nadal z wyrzutem.<\/p>\n<p>\u00a0<\/p>\n","protected":false},"excerpt":{"rendered":"<p>\u00a0 \u0141akomstwo to brzydka cecha. Czasem jednak trudno je zwalczy\u0107. W miniony weekend uleg\u0142em pokusie i mimo, \u017ce zawsze wszystkich zapewniam, i\u017c wstaj\u0119 od sto\u0142u z uczuciem niedosytu, objad\u0142em si\u0119 potwornie. Ale co mia\u0142em robi\u0107 gdy pod buczyna znowu uros\u0142y kanie. A\u00a0 u rze\u017anika zobaczy\u0142em gigantyczny i pi\u0119kny antrykot. Do tego wcze\u015bniej wybulgota\u0142 si\u0119 aromatyczny [&hellip;]<\/p>\n","protected":false},"author":2,"featured_media":0,"comment_status":"open","ping_status":"open","sticky":false,"template":"","format":"standard","meta":{"footnotes":""},"categories":[1],"tags":[],"_links":{"self":[{"href":"https:\/\/blog.polityka.pl\/adamczewski\/wp-json\/wp\/v2\/posts\/2009"}],"collection":[{"href":"https:\/\/blog.polityka.pl\/adamczewski\/wp-json\/wp\/v2\/posts"}],"about":[{"href":"https:\/\/blog.polityka.pl\/adamczewski\/wp-json\/wp\/v2\/types\/post"}],"author":[{"embeddable":true,"href":"https:\/\/blog.polityka.pl\/adamczewski\/wp-json\/wp\/v2\/users\/2"}],"replies":[{"embeddable":true,"href":"https:\/\/blog.polityka.pl\/adamczewski\/wp-json\/wp\/v2\/comments?post=2009"}],"version-history":[{"count":0,"href":"https:\/\/blog.polityka.pl\/adamczewski\/wp-json\/wp\/v2\/posts\/2009\/revisions"}],"wp:attachment":[{"href":"https:\/\/blog.polityka.pl\/adamczewski\/wp-json\/wp\/v2\/media?parent=2009"}],"wp:term":[{"taxonomy":"category","embeddable":true,"href":"https:\/\/blog.polityka.pl\/adamczewski\/wp-json\/wp\/v2\/categories?post=2009"},{"taxonomy":"post_tag","embeddable":true,"href":"https:\/\/blog.polityka.pl\/adamczewski\/wp-json\/wp\/v2\/tags?post=2009"}],"curies":[{"name":"wp","href":"https:\/\/api.w.org\/{rel}","templated":true}]}}