
{"id":2025,"date":"2010-10-25T08:00:51","date_gmt":"2010-10-25T06:00:51","guid":{"rendered":"http:\/\/adamczewski.blog.polityka.pl\/?p=2025"},"modified":"2010-10-25T07:59:48","modified_gmt":"2010-10-25T05:59:48","slug":"gesi-wcale-nie-za-woda","status":"publish","type":"post","link":"https:\/\/blog.polityka.pl\/adamczewski\/2010\/10\/25\/gesi-wcale-nie-za-woda\/","title":{"rendered":"G\u0119si wcale nie za wod\u0105"},"content":{"rendered":"<p><a href=\"\/wp-content\/uploads\/2010\/10\/gesi-za-woda2.jpg\"><img loading=\"lazy\" decoding=\"async\" class=\"aligncenter size-medium wp-image-2032\" title=\"gesi-za-woda2\" src=\"\/wp-content\/uploads\/2010\/10\/gesi-za-woda2-300x225.jpg\" alt=\"\" width=\"300\" height=\"225\" srcset=\"\/adamczewski\/wp-content\/uploads\/2010\/10\/gesi-za-woda2-300x225.jpg 300w, \/adamczewski\/wp-content\/uploads\/2010\/10\/gesi-za-woda2.jpg 640w\" sizes=\"(max-width: 300px) 100vw, 300px\" \/><\/a><\/p>\n<p>Obiecywa\u0142em wr\u00f3ci\u0107 do g\u0119sich pogwarek i wa\u017cnych informacji wi\u0119c s\u0142owa dotrzymuj\u0119. Dzi\u015b podaj\u0119 list\u0119 restauracji w ca\u0142ej Polsce, kt\u00f3re zg\u0142osi\u0142y akces do akcji &#8222;G\u0119sina na \u015bw. Marcina&#8221;. W tych lokalach mo\u017cna zam\u00f3wi\u0107 i zje\u015b\u0107 najr\u00f3\u017cniejsze dania przyrz\u0105dzone z polskich g\u0119si wywodz\u0105cych si\u0119 ze stada odtworzonego w Instytucie w Ko\u0142udzie Wielkiej. To najpyszniejsza g\u0119\u015b Europy czyli bia\u0142a owsiana. Kto nie wierzy niech si\u0119 uda pod wskazane adresy i zje kolacj\u0119 g\u0119si\u0105. Wtedy pogadamy. Oto adresy:<\/p>\n<p>OFICJALNA LISTA RESTAURACJI 2010<br \/>\n1.\u00a0&#8222;Romantyczna&#8221; w Hotelu SPA dr Ireny Eris, szef kuchni Bartosz Budnik &#8211; Wysoka Wie\u015b (Wzg\u00f3rza Dylewskie &#8211; Ostr\u00f3da)\u00a0<br \/>\n2.\u00a0&#8222;Ancora&#8221;, szef kuchni Adam Chrz\u0105stowski &#8211; Krak\u00f3w<br \/>\n3.\u00a0&#8222;Copernicus&#8221;, szef kuchni Marcin Filipkiewicz &#8211; Krak\u00f3w<br \/>\n4.\u00a0&#8222;Hotel Stary&#8221;, szef Krzysztof \u017burek &#8211; Krak\u00f3w<br \/>\n5.\u00a0&#8222;Restauracja Sz\u00f3sty Zmys\u0142&#8221; w Hotelu SPA dr Ireny Eris, szef kuchni Janusz Myjak &#8211; Krynica<br \/>\n6.\u00a0&#8222;Bulaj&#8221;, szef kuchni Artur Moroz &#8211; Sopot<br \/>\n7.\u00a0&#8222;Kozi Gr\u00f3d&#8221;, szef kuchni Przemys\u0142aw Formela &#8211; Kozi Gr\u00f3d pod Gda\u0144skiem<\/p>\n<p>8.\u00a0&#8222;Dom Wigierski&#8221; &#8211; w Domu Pracy Tw\u00f3rczej, szef kuchni Micha\u0142 Grnyo &#8211; Wigry (Suwa\u0142ki)<br \/>\n9.\u00a0&#8222;Karczma Warmi\u0144ska&#8221;, Petr Uhlir, Gietrzwa\u0142d k. Olsztyna<br \/>\n10.\u00a0&#8222;Restauracja w Zamku Ryn&#8221;, szef kuchni Krzysztof Mazurek, Ryn<br \/>\n11.\u00a0&#8222;Piotrkowska 97&#8221;, szef kuchni Urszula Czy\u017cak &#8211; \u0141\u00f3d\u017a<br \/>\n12.\u00a0&#8222;Restauracja Likus Concept Store&#8221;, szef kuchni Arkadiusz Janczarek &#8211; Warszawa<br \/>\n13.\u00a0Opas\u0142y Tom, szef kuchni Agata Wojda &#8211; Warszawa<br \/>\n14.\u00a0Pi\u0105ta \u0106wiartka, szef kuchni Marzena Hajn &#8211; Warszawa (Zamek Kr\u00f3lewski)<br \/>\n15.\u00a0&#8222;Cuatro Caminos&#8221;, szef kuchni Dariusz Opasek &#8211; Warszawa<br \/>\n16.\u00a0&#8222;Papaya&#8221;, szef kuchni Supattra Seeda &#8211; Warszawa<br \/>\n17.\u00a0&#8222;Ristorante Cristallo&#8221;, szef kuchni Ryszard Warnke &#8211; Katowice<br \/>\n18.\u00a0&#8222;Stara Piekarnia&#8221;, szef kuchni Damian Lazar &#8211; Pszczyna<br \/>\n19.\u00a0&#8222;Hotel Bulwar&#8221;, Rafa\u0142 Jurkiewicz &#8211; Toru\u0144<\/p>\n<p>20.\u00a0&#8222;Stara Apteka&#8221;, szef kuchni Izabela Kujawa &#8211; Inowroc\u0142aw<br \/>\n21.\u00a0&#8222;Weranda&#8221;, szef kuchni Micha\u0142 Skrzypczak &#8211; Bydgoszcz<\/p>\n<p>22.\u00a0&#8222;M\u0142yn&#8221; w Hotelu M\u0142yn, szef kuchni Urszula Robaczy\u0144ska &#8211; W\u0142oc\u0142awek<br \/>\n23.\u00a0&#8222;Mistrz i Ma\u0142gorzata&#8221;, szef kuchni Arieta \u017bynel &#8211; Bia\u0142ystok<br \/>\n24.\u00a0&#8222;Na Kuncu Korytarza&#8221;, szef kuchni Dariusz Majewski &#8211; Szczecin (Zamek Ksi\u0105\u017c\u0105t Pomorskich)<br \/>\n25.\u00a0&#8222;Dworek Tradycja&#8221; &#8211; szef kuchni Gra\u017cyna Zaremba-Szuba, \u0141obez (Zachodniopomorskie)<br \/>\n26.\u00a0&#8222;Hotel Platinum Palace&#8221;, szef kuchni Grzegorz Labuda &#8211; Wroc\u0142aw<br \/>\n27.\u00a0&#8222;Monopol&#8221; w Hotelu Monopol, szef kuchni Dariusz Bara\u0144ski &#8211; Wroc\u0142aw<br \/>\n28.\u00a0&#8222;Hotel Crocus&#8221;, szef kuchni Sebastian Krauzowicz &#8211; Zakopane<br \/>\n29.\u00a0&#8222;Hugo Restaurant&#8221;, szef kuchni Krzysztof Rabek &#8211; Pozna\u0144<br \/>\n30.\u00a0&#8222;Zagroda Bamberska&#8221;, szef kuchni Roman Kosmalski\u00a0&#8211; Pozna\u0144<\/p>\n<p>\u00a0\u00a0\u00a0\u00a0\u00a0\u00a0\u00a0\u00a0\u00a0\u00a0\u00a0\u00a0\u00a0\u00a0\u00a0\u00a0\u00a0\u00a0\u00a0\u00a0\u00a0\u00a0\u00a0\u00a0\u00a0\u00a0\u00a0\u00a0\u00a0\u00a0\u00a0\u00a0\u00a0\u00a0\u00a0\u00a0\u00a0\u00a0\u00a0\u00a0\u00a0\u00a0\u00a0\u00a0\u00a0\u00a0\u00a0\u00a0\u00a0\u00a0\u00a0\u00a0\u00a0\u00a0\u00a0\u00a0\u00a0\u00a0\u00a0\u00a0\u00a0\u00a0\u00a0\u00a0\u00a0\u00a0\u00a0\u00a0\u00a0\u00a0\u00a0\u00a0\u00a0\u00a0 *<br \/>\nA tu\u00a0 menu uroczystego przyj\u0119cia w samej ojczy\u017anie polskiej g\u0119si. W dodatku menu przygotowane ?przez wybitnego szefa kuchni z Sopotu. Kto mieszka z dala od morza niech sobie chocia\u017c poczyta.<\/p>\n<p>Menu uroczystej kolacji wydanej przez Marsza\u0142ka Wojew\u00f3dztwa Kujawsko-Pomorskiego z okazji Narodowego \u015awi\u0119ta Niepodleg\u0142o\u015bci<br \/>\n11 listopada 2010 roku<br \/>\n\u00a0<\/p>\n<p>\u00a0<br \/>\nP\u00f3\u0142g\u0119sek, szynka kujawska z ko\u015bci\u0105, bia\u0142a kie\u0142basa<br \/>\nProsecco Baladin &#8211; bia\u0142e wino w\u0142oskie, musuj\u0105ce<br \/>\n\u00a0<br \/>\nG\u0119sia w\u0105tr\u00f3bka wdana z sa\u0142at\u0105 ze \u015bwie\u017cych zi\u00f3\u0142 z dressingiem z miodu gryczanego<br \/>\nOrvieto Classico Amabile &#8211; bia\u0142e wino w\u0142oskie<br \/>\n*<br \/>\nKr\u00f3lewski ros\u00f3\u0142 z g\u0119si serwowany z ravioli<br \/>\n*<br \/>\nMarynowana w nalewce dereniowej z grzybami g\u0105skami<br \/>\nMontepulciano d&#8217;Abruzzo czerwone wino w\u0142oskie<\/p>\n<p>Duet pieczonych g\u0119si ko\u0142udzkiej i rypi\u0144skiej w sosie porzeczkowym<br \/>\nNalewka z czarnej porzeczki Mistrza Hieronima<br \/>\n*<br \/>\nRolada z powid\u0142ami \u015bliwkowymi z Doliny Dolnej Wis\u0142y 15-Ietnia polska w\u00f3dka Starka<br \/>\nAutorskie menu przygotowa\u0142 Artur Moroz, szef restauracji Bulaj w Sopocie, na bazie G\u0119si Bia\u0142ej Ko\u0142udzkiej oraz G\u0119si Rypi\u0144skiej, a tak\u017ce produkt\u00f3w\u00a0\u00a0\u00a0 pochodz\u0105cych z wojew\u00f3dztwa kujawsko-pomorskiego, umieszczonych na Li\u015bcie Produkt\u00f3w Regionalnych i Tradycyjnych Ministerstwa Rolnictwa i Rozwoju Wsi<br \/>\nOkazuje si\u0119, \u017ce g\u0119si s\u0105 wcale nie za wod\u0105 czyli za Odr\u0105 ale tu\u017c, tu\u017c.<\/p>\n<p>Zanim zostanie\u00a0uruchomione telefoniczne centrum zam\u00f3wie\u0144, o kt\u00f3rym ju\u017c informowa\u0142em, podaj\u0119 adres g\u0119siej strony. Wiele tam interesuj\u0105cych informacji. I tam w\u0142a\u015bnie pojawi\u0105 si\u0119 numery g\u0119sich telefon\u00f3w.<\/p>\n<p><a href=\"http:\/\/www.gesina.pl\">www.gesina.pl<\/a> \u00a0<\/p>\n","protected":false},"excerpt":{"rendered":"<p>Obiecywa\u0142em wr\u00f3ci\u0107 do g\u0119sich pogwarek i wa\u017cnych informacji wi\u0119c s\u0142owa dotrzymuj\u0119. Dzi\u015b podaj\u0119 list\u0119 restauracji w ca\u0142ej Polsce, kt\u00f3re zg\u0142osi\u0142y akces do akcji &#8222;G\u0119sina na \u015bw. Marcina&#8221;. W tych lokalach mo\u017cna zam\u00f3wi\u0107 i zje\u015b\u0107 najr\u00f3\u017cniejsze dania przyrz\u0105dzone z polskich g\u0119si wywodz\u0105cych si\u0119 ze stada odtworzonego w Instytucie w Ko\u0142udzie Wielkiej. To najpyszniejsza g\u0119\u015b Europy czyli [&hellip;]<\/p>\n","protected":false},"author":2,"featured_media":0,"comment_status":"open","ping_status":"open","sticky":false,"template":"","format":"standard","meta":{"footnotes":""},"categories":[1],"tags":[],"_links":{"self":[{"href":"https:\/\/blog.polityka.pl\/adamczewski\/wp-json\/wp\/v2\/posts\/2025"}],"collection":[{"href":"https:\/\/blog.polityka.pl\/adamczewski\/wp-json\/wp\/v2\/posts"}],"about":[{"href":"https:\/\/blog.polityka.pl\/adamczewski\/wp-json\/wp\/v2\/types\/post"}],"author":[{"embeddable":true,"href":"https:\/\/blog.polityka.pl\/adamczewski\/wp-json\/wp\/v2\/users\/2"}],"replies":[{"embeddable":true,"href":"https:\/\/blog.polityka.pl\/adamczewski\/wp-json\/wp\/v2\/comments?post=2025"}],"version-history":[{"count":0,"href":"https:\/\/blog.polityka.pl\/adamczewski\/wp-json\/wp\/v2\/posts\/2025\/revisions"}],"wp:attachment":[{"href":"https:\/\/blog.polityka.pl\/adamczewski\/wp-json\/wp\/v2\/media?parent=2025"}],"wp:term":[{"taxonomy":"category","embeddable":true,"href":"https:\/\/blog.polityka.pl\/adamczewski\/wp-json\/wp\/v2\/categories?post=2025"},{"taxonomy":"post_tag","embeddable":true,"href":"https:\/\/blog.polityka.pl\/adamczewski\/wp-json\/wp\/v2\/tags?post=2025"}],"curies":[{"name":"wp","href":"https:\/\/api.w.org\/{rel}","templated":true}]}}