
{"id":2027,"date":"2010-10-20T08:00:23","date_gmt":"2010-10-20T06:00:23","guid":{"rendered":"http:\/\/adamczewski.blog.polityka.pl\/?p=2027"},"modified":"2010-10-20T06:57:00","modified_gmt":"2010-10-20T04:57:00","slug":"zgadnij-co-gotujemy-22","status":"publish","type":"post","link":"https:\/\/blog.polityka.pl\/adamczewski\/2010\/10\/20\/zgadnij-co-gotujemy-22\/","title":{"rendered":"Zgadnij co gotujemy?"},"content":{"rendered":"<p><a href=\"\/wp-content\/uploads\/2010\/10\/kalendarz-2011.jpg\"><img loading=\"lazy\" decoding=\"async\" class=\"aligncenter size-medium wp-image-2033\" title=\"kalendarz-2011\" src=\"\/wp-content\/uploads\/2010\/10\/kalendarz-2011-225x300.jpg\" alt=\"\" width=\"225\" height=\"300\" srcset=\"\/adamczewski\/wp-content\/uploads\/2010\/10\/kalendarz-2011-225x300.jpg 225w, \/adamczewski\/wp-content\/uploads\/2010\/10\/kalendarz-2011.jpg 360w\" sizes=\"(max-width: 225px) 100vw, 225px\" \/><\/a><\/p>\n<p>Do nowego roku jeszcze troch\u0119 czasu ale przezorni\u00a0 rozgl\u0105daj\u0105 si\u0119 za przysz\u0142orocznymi kalendarzami. Nasz ju\u017c jest gotowy. Tu mo\u017cecie go zobaczy\u0107 z zewn\u0105trz. A ja opowiem kr\u00f3tko o tym co jest w \u015brodku. S\u0105 wi\u0119c porady fotograficzne Tomasza Tomaszewskiego, samochodowe Jerzego Iwaszkiewicza, ogrodnicze, herbaciane i inne Marka Przybylika, winiarskie Marka Kondrata, historyczne opowie\u015bci W\u0142odzimierza Kalickiego i przepisy kulinarne znanego Wam autora. S\u0105 te\u017c ma\u0142e dzie\u0142ka dw\u00f3ch satyryk\u00f3w: maciupe\u0144kie felietoniki Stanis\u0142awa Tyma i rysunki Henryka Sawki. Kalendarz ten mo\u017cna dosta\u0107 tylko w sklepach z herbat\u0105 Dilmah. A tak\u017ce wygra\u0107 w quizie blogowym. Pierwszy egzemplarz ju\u017c dzisiaj!<\/p>\n<p>1.Sk\u0105d si\u0119 wzi\u0119\u0142a nazwa wina tempranillo?<\/p>\n<p>2.Jaki sta\u0142y nadtytu\u0142 nosi felieton Stanis\u0142awa Tyma w &#8222;Polityce&#8221; ?<\/p>\n<p>3.Mleko krowie stosunkowo p\u00f3\u017ano trafi\u0142o do jad\u0142ospisu ludzi, czy i jakie mleko pito wi\u0119c wcze\u015bniej?<\/p>\n<p>Podpowiedzi i tym razem znajduj\u0105 si\u0119 oczywi\u015bcie w archiwum blogu. Oraz w internetowym wydaniu &#8222;Polityki&#8221;.\u00a0 Prosz\u0119 wi\u0119c si\u0119gn\u0105\u0107 do \u017ar\u00f3de\u0142 i przys\u0142a\u0107 odpowiedzi na adres: <a href=\"mailto:internet@polityka.com.pl\">internet@polityka.com.pl<\/a>\u00a0\u00a0 O przyznaniu nagrody rozstrzygnie czas i komisja w sk\u0142adzie jednoosobowym. Czyli wszystko po staremu!<\/p>\n<p>\u00a0<\/p>\n<p>\u00a0<\/p>\n<p>\u00a0<\/p>\n<p>\u00a0<\/p>\n","protected":false},"excerpt":{"rendered":"<p>Do nowego roku jeszcze troch\u0119 czasu ale przezorni\u00a0 rozgl\u0105daj\u0105 si\u0119 za przysz\u0142orocznymi kalendarzami. Nasz ju\u017c jest gotowy. Tu mo\u017cecie go zobaczy\u0107 z zewn\u0105trz. A ja opowiem kr\u00f3tko o tym co jest w \u015brodku. S\u0105 wi\u0119c porady fotograficzne Tomasza Tomaszewskiego, samochodowe Jerzego Iwaszkiewicza, ogrodnicze, herbaciane i inne Marka Przybylika, winiarskie Marka Kondrata, historyczne opowie\u015bci W\u0142odzimierza Kalickiego [&hellip;]<\/p>\n","protected":false},"author":2,"featured_media":0,"comment_status":"open","ping_status":"open","sticky":false,"template":"","format":"standard","meta":{"footnotes":""},"categories":[1],"tags":[],"_links":{"self":[{"href":"https:\/\/blog.polityka.pl\/adamczewski\/wp-json\/wp\/v2\/posts\/2027"}],"collection":[{"href":"https:\/\/blog.polityka.pl\/adamczewski\/wp-json\/wp\/v2\/posts"}],"about":[{"href":"https:\/\/blog.polityka.pl\/adamczewski\/wp-json\/wp\/v2\/types\/post"}],"author":[{"embeddable":true,"href":"https:\/\/blog.polityka.pl\/adamczewski\/wp-json\/wp\/v2\/users\/2"}],"replies":[{"embeddable":true,"href":"https:\/\/blog.polityka.pl\/adamczewski\/wp-json\/wp\/v2\/comments?post=2027"}],"version-history":[{"count":0,"href":"https:\/\/blog.polityka.pl\/adamczewski\/wp-json\/wp\/v2\/posts\/2027\/revisions"}],"wp:attachment":[{"href":"https:\/\/blog.polityka.pl\/adamczewski\/wp-json\/wp\/v2\/media?parent=2027"}],"wp:term":[{"taxonomy":"category","embeddable":true,"href":"https:\/\/blog.polityka.pl\/adamczewski\/wp-json\/wp\/v2\/categories?post=2027"},{"taxonomy":"post_tag","embeddable":true,"href":"https:\/\/blog.polityka.pl\/adamczewski\/wp-json\/wp\/v2\/tags?post=2027"}],"curies":[{"name":"wp","href":"https:\/\/api.w.org\/{rel}","templated":true}]}}