
{"id":2049,"date":"2010-10-27T08:00:40","date_gmt":"2010-10-27T06:00:40","guid":{"rendered":"http:\/\/adamczewski.blog.polityka.pl\/?p=2049"},"modified":"2010-10-22T15:05:40","modified_gmt":"2010-10-22T13:05:40","slug":"zgadnij-co-gotujemy-29","status":"publish","type":"post","link":"https:\/\/blog.polityka.pl\/adamczewski\/2010\/10\/27\/zgadnij-co-gotujemy-29\/","title":{"rendered":"Zgadnij co gotujemy?"},"content":{"rendered":"<p><a href=\"\/wp-content\/uploads\/2010\/10\/jamie-o1.jpg\"><img loading=\"lazy\" decoding=\"async\" class=\"aligncenter size-medium wp-image-2050\" title=\"jamie-o1\" src=\"\/wp-content\/uploads\/2010\/10\/jamie-o1-225x300.jpg\" alt=\"\" width=\"225\" height=\"300\" srcset=\"\/adamczewski\/wp-content\/uploads\/2010\/10\/jamie-o1-225x300.jpg 225w, \/adamczewski\/wp-content\/uploads\/2010\/10\/jamie-o1.jpg 360w\" sizes=\"(max-width: 225px) 100vw, 225px\" \/><\/a><\/p>\n<p>Obiecany tom czeka ju\u017c na nowego w\u0142a\u015bciciela. To ksi\u0105\u017cka niedawno omawiana i wzbudzaj\u0105ca blogowe kontrowersje czyli &#8222;Ka\u017cdy mo\u017ce gotowa\u0107&#8221; Jamiego Olivera. Najbardziej bulwersowa\u0142 niekt\u00f3rych podtytu\u0142 &#8222;Naucz si\u0119 gotowa\u0107 w 24 godziny i przeka\u017c dalej&#8221;. Nie sadzi\u0142em, \u017ce zwyk\u0142e i wcale nie oryginalne has\u0142o reklamowe, mo\u017cna traktowa\u0107 ca\u0142kiem serio i oburza\u0107 si\u0119. Rozumiem wi\u0119c, \u017ce dzisiejsza nagroda bardzo ograniczy liczb\u0119 uczestnik\u00f3w. Wst\u0105pi\u0105 w szranki sami zwolennicy dzia\u0142alno\u015bci autora albo mi\u0142o\u015bnicy szybkich kurs\u00f3w tego i owego. Najwa\u017cniejsze jednak, \u017ceby nie traci\u0107 nerw\u00f3w i poczucia humoru. Dzisiejsza zagadka powinna trwa\u0107 znacznie kr\u00f3cej ni\u017c\u00a0 zapowiadana nauka. Powodzenia!<\/p>\n<p>1.Z jakiego mi\u0119sa robi si\u0119 chili con carne?<\/p>\n<p>2.Co wchodzi w sk\u0142ad tradycyjnego \u015bniadania angielskiego ?<\/p>\n<p>3. S\u0142owo curry ma kilka znacze\u0144\u00a0&#8211; wymie\u0144 cho\u0107 dwa&#8230;<\/p>\n<p>Zawodnicy ju\u017c pognali do komputer\u00f3w. Odpowiedzi wysy\u0142aj\u0105 zapewne na znany sobie adres czyli: <a href=\"mailto:internet@polityka.com.pl\">internet@polityka.com.pl<\/a>\u00a0\u00a0 O przyznaniu nagrody rozstrzygnie czas i komisja w sk\u0142adzie jednoosobowym. Czyli wszystko po staremu!<\/p>\n<p>\u00a0<\/p>\n<p>\u00a0<\/p>\n<p>\u00a0<\/p>\n<p>\u00a0<\/p>\n","protected":false},"excerpt":{"rendered":"<p>Obiecany tom czeka ju\u017c na nowego w\u0142a\u015bciciela. To ksi\u0105\u017cka niedawno omawiana i wzbudzaj\u0105ca blogowe kontrowersje czyli &#8222;Ka\u017cdy mo\u017ce gotowa\u0107&#8221; Jamiego Olivera. Najbardziej bulwersowa\u0142 niekt\u00f3rych podtytu\u0142 &#8222;Naucz si\u0119 gotowa\u0107 w 24 godziny i przeka\u017c dalej&#8221;. Nie sadzi\u0142em, \u017ce zwyk\u0142e i wcale nie oryginalne has\u0142o reklamowe, mo\u017cna traktowa\u0107 ca\u0142kiem serio i oburza\u0107 si\u0119. Rozumiem wi\u0119c, \u017ce dzisiejsza [&hellip;]<\/p>\n","protected":false},"author":2,"featured_media":0,"comment_status":"open","ping_status":"open","sticky":false,"template":"","format":"standard","meta":{"footnotes":""},"categories":[1],"tags":[],"_links":{"self":[{"href":"https:\/\/blog.polityka.pl\/adamczewski\/wp-json\/wp\/v2\/posts\/2049"}],"collection":[{"href":"https:\/\/blog.polityka.pl\/adamczewski\/wp-json\/wp\/v2\/posts"}],"about":[{"href":"https:\/\/blog.polityka.pl\/adamczewski\/wp-json\/wp\/v2\/types\/post"}],"author":[{"embeddable":true,"href":"https:\/\/blog.polityka.pl\/adamczewski\/wp-json\/wp\/v2\/users\/2"}],"replies":[{"embeddable":true,"href":"https:\/\/blog.polityka.pl\/adamczewski\/wp-json\/wp\/v2\/comments?post=2049"}],"version-history":[{"count":0,"href":"https:\/\/blog.polityka.pl\/adamczewski\/wp-json\/wp\/v2\/posts\/2049\/revisions"}],"wp:attachment":[{"href":"https:\/\/blog.polityka.pl\/adamczewski\/wp-json\/wp\/v2\/media?parent=2049"}],"wp:term":[{"taxonomy":"category","embeddable":true,"href":"https:\/\/blog.polityka.pl\/adamczewski\/wp-json\/wp\/v2\/categories?post=2049"},{"taxonomy":"post_tag","embeddable":true,"href":"https:\/\/blog.polityka.pl\/adamczewski\/wp-json\/wp\/v2\/tags?post=2049"}],"curies":[{"name":"wp","href":"https:\/\/api.w.org\/{rel}","templated":true}]}}